{"id":913,"date":"2016-11-21T00:00:00","date_gmt":"2016-11-21T00:00:00","guid":{"rendered":"http:\/\/100.26.121.9\/brasil-recorta-pronostico-de-crecimiento-2017-mientras-recesion-continua\/"},"modified":"2016-11-21T00:00:00","modified_gmt":"2016-11-21T00:00:00","slug":"brasil-recorta-pronostico-de-crecimiento-2017-mientras-recesion-continua","status":"publish","type":"post","link":"https:\/\/miuracapital.com.pa\/?p=913","title":{"rendered":"Brasil recorta pron\u00f3stico de crecimiento 2017 mientras recesi\u00f3n contin\u00faa"},"content":{"rendered":"<p class=\"first\">El Gobierno de Brasil recort\u00f3 su previsi\u00f3n de crecimiento econ\u00f3mico para 2017 a un 1 % desde un 1,6 %, haci\u00e9ndose eco del pesimismo reciente del mercado en momentos en que el pa\u00eds intenta salir de su peor recesi\u00f3n en al menos ocho d\u00e9cadas.<\/p>\n<p>La econom\u00eda brasile\u00f1a volver\u00eda a crecer en el primer trimestre del 2017, dijo el lunes el secretario de pol\u00edtica econ\u00f3mica del Ministerio de Hacienda Fabio Kanczuk.<\/p>\n<p>El Gobierno tambi\u00e9n cambi\u00f3 la proyecci\u00f3n para la contracci\u00f3n econ\u00f3mica de este a\u00f1o a un 3,5 % desde un 3,0 %. La recesi\u00f3n de dos a\u00f1os se intensific\u00f3 en el tercer trimestre, mostraron datos del banco central la semana pasada, dejando a 12 millones de personas desempleadas.<\/p>\n<p>Economistas en un sondeo semanal del banco central hab\u00edan recortado sus proyecciones del crecimiento a un 1,0 % en 2017. El Fondo Monetario Internacional espera que el producto interno bruto (PIB) de Brasil se expanda apenas un 0,5 % el a\u00f1o pr\u00f3ximo.<\/p>\n<p>Las estimaciones oficiales de ingresos fiscales en 2017 se mantuvieron sin cambios pese a la reducci\u00f3n en la proyecci\u00f3n de crecimiento. Kanczuk dijo que el Gobierno continuaba comprometido con su meta presupuestaria para el pr\u00f3ximo a\u00f1o.<\/p>\n<p>El Gobierno prev\u00e9 una inflaci\u00f3n de un 4,7 % para finales del 2017. Se espera que el tipo de cambio finalice el a\u00f1o en 3,6 reales por d\u00f3lar, comparado con una estimaci\u00f3n previa de 3,5 por d\u00f3lar.<\/p>\n<p>Fuente: Reuters<\/p>\n<p>&#013;<br \/>\nSource: Economia<\/p>\n","protected":false},"excerpt":{"rendered":"<p>El Gobierno de Brasil recort\u00f3 su previsi\u00f3n de crecimiento econ\u00f3mico para 2017 a un 1 % desde un 1,6 %, haci\u00e9ndose eco del pesimismo reciente del mercado en momentos en que el pa\u00eds intenta salir de su peor recesi\u00f3n en al menos ocho d\u00e9cadas. La econom\u00eda brasile\u00f1a volver\u00eda a crecer en el primer trimestre del [&hellip;]<\/p>\n","protected":false},"author":1,"featured_media":0,"comment_status":"open","ping_status":"open","sticky":false,"template":"","format":"standard","meta":{"pgc_meta":"","_et_pb_use_builder":"","_et_pb_old_content":"","_et_gb_content_width":"","inline_featured_image":false,"footnotes":""},"categories":[1],"tags":[11],"class_list":["post-913","post","type-post","status-publish","format-standard","hentry","category-uncategorized","tag-art"],"_links":{"self":[{"href":"https:\/\/miuracapital.com.pa\/index.php?rest_route=\/wp\/v2\/posts\/913","targetHints":{"allow":["GET"]}}],"collection":[{"href":"https:\/\/miuracapital.com.pa\/index.php?rest_route=\/wp\/v2\/posts"}],"about":[{"href":"https:\/\/miuracapital.com.pa\/index.php?rest_route=\/wp\/v2\/types\/post"}],"author":[{"embeddable":true,"href":"https:\/\/miuracapital.com.pa\/index.php?rest_route=\/wp\/v2\/users\/1"}],"replies":[{"embeddable":true,"href":"https:\/\/miuracapital.com.pa\/index.php?rest_route=%2Fwp%2Fv2%2Fcomments&post=913"}],"version-history":[{"count":0,"href":"https:\/\/miuracapital.com.pa\/index.php?rest_route=\/wp\/v2\/posts\/913\/revisions"}],"wp:attachment":[{"href":"https:\/\/miuracapital.com.pa\/index.php?rest_route=%2Fwp%2Fv2%2Fmedia&parent=913"}],"wp:term":[{"taxonomy":"category","embeddable":true,"href":"https:\/\/miuracapital.com.pa\/index.php?rest_route=%2Fwp%2Fv2%2Fcategories&post=913"},{"taxonomy":"post_tag","embeddable":true,"href":"https:\/\/miuracapital.com.pa\/index.php?rest_route=%2Fwp%2Fv2%2Ftags&post=913"}],"curies":[{"name":"wp","href":"https:\/\/api.w.org\/{rel}","templated":true}]}}