{"id":912,"date":"2016-11-21T00:00:00","date_gmt":"2016-11-21T00:00:00","guid":{"rendered":"http:\/\/100.26.121.9\/obama-carta-democratica-ayudara-a-resolver-problemas-en-venezuela\/"},"modified":"2016-11-21T00:00:00","modified_gmt":"2016-11-21T00:00:00","slug":"obama-carta-democratica-ayudara-a-resolver-problemas-en-venezuela","status":"publish","type":"post","link":"https:\/\/miuracapital.com.pa\/?p=912","title":{"rendered":"Obama: Carta democr\u00e1tica ayudar\u00e1 a resolver problemas en Venezuela"},"content":{"rendered":"<p>El presidente de Estados Unidos, Barack Obama, pidi\u00f3 a los latinoamericanos que no supongan \u201clo peor\u201d de su sucesor en la Casa Blanca, Donald Trump, al anticipar que no espera que el nuevo gobierno adopte \u201cgrandes cambios\u201d en la pol\u00edtica hacia la regi\u00f3n, aunque s\u00ed que surjan tensiones en materia comercial.<\/p>\n<p>Obama particip\u00f3 en la Cumbre de L\u00edderes del Foro de Cooperaci\u00f3n Econ\u00f3mica Asia-Pac\u00edfico que culmin\u00f3 con la promesa de sus econom\u00edas de convertirse en un muro contra el proteccionismo y avanzar en la creaci\u00f3n de un \u00e1rea de libre comercio.<\/p>\n<p>Durante un foro abierto a preguntas con alrededor de 1.000 j\u00f3venes en la Pontificia Universidad Cat\u00f3lica, en Lima, Obama afirm\u00f3 que es importante que en Latinoam\u00e9rica y en el resto del mundo se le d\u00e9 \u201cuna oportunidad\u201d al nuevo presidente de Estados Unidos.<\/p>\n<p>Mencion\u00f3 como ejemplo a pa\u00edses como Chile, Per\u00fa y Colombia, de los que dijo que est\u00e1n creciendo m\u00e1s r\u00e1pido y mejor gracias a la fortaleza de sus democracias.<\/p>\n<p>Obama felicit\u00f3 a Per\u00fa por haber reducido la pobreza en el pa\u00eds en los \u00faltimos a\u00f1os y habl\u00f3 con Pedro Pablo Kuczynski sobre el \u201cpapel de la carta democr\u00e1tica para resolver los desaf\u00edos existentes a la democracia en Venezuela\u201d, seg\u00fan un comunicado de la Casa Blanca.<\/p>\n<p>Funte: Agencias.com<\/p>\n<p>&#013;<br \/>\nSource: Economia<\/p>\n","protected":false},"excerpt":{"rendered":"<p>El presidente de Estados Unidos, Barack Obama, pidi\u00f3 a los latinoamericanos que no supongan \u201clo peor\u201d de su sucesor en la Casa Blanca, Donald Trump, al anticipar que no espera que el nuevo gobierno adopte \u201cgrandes cambios\u201d en la pol\u00edtica hacia la regi\u00f3n, aunque s\u00ed que surjan tensiones en materia comercial. Obama particip\u00f3 en la [&hellip;]<\/p>\n","protected":false},"author":1,"featured_media":0,"comment_status":"open","ping_status":"open","sticky":false,"template":"","format":"standard","meta":{"pgc_meta":"","_et_pb_use_builder":"","_et_pb_old_content":"","_et_gb_content_width":"","inline_featured_image":false,"footnotes":""},"categories":[1],"tags":[11],"class_list":["post-912","post","type-post","status-publish","format-standard","hentry","category-uncategorized","tag-art"],"_links":{"self":[{"href":"https:\/\/miuracapital.com.pa\/index.php?rest_route=\/wp\/v2\/posts\/912","targetHints":{"allow":["GET"]}}],"collection":[{"href":"https:\/\/miuracapital.com.pa\/index.php?rest_route=\/wp\/v2\/posts"}],"about":[{"href":"https:\/\/miuracapital.com.pa\/index.php?rest_route=\/wp\/v2\/types\/post"}],"author":[{"embeddable":true,"href":"https:\/\/miuracapital.com.pa\/index.php?rest_route=\/wp\/v2\/users\/1"}],"replies":[{"embeddable":true,"href":"https:\/\/miuracapital.com.pa\/index.php?rest_route=%2Fwp%2Fv2%2Fcomments&post=912"}],"version-history":[{"count":0,"href":"https:\/\/miuracapital.com.pa\/index.php?rest_route=\/wp\/v2\/posts\/912\/revisions"}],"wp:attachment":[{"href":"https:\/\/miuracapital.com.pa\/index.php?rest_route=%2Fwp%2Fv2%2Fmedia&parent=912"}],"wp:term":[{"taxonomy":"category","embeddable":true,"href":"https:\/\/miuracapital.com.pa\/index.php?rest_route=%2Fwp%2Fv2%2Fcategories&post=912"},{"taxonomy":"post_tag","embeddable":true,"href":"https:\/\/miuracapital.com.pa\/index.php?rest_route=%2Fwp%2Fv2%2Ftags&post=912"}],"curies":[{"name":"wp","href":"https:\/\/api.w.org\/{rel}","templated":true}]}}