{"id":898,"date":"2016-11-16T00:00:00","date_gmt":"2016-11-16T00:00:00","guid":{"rendered":"http:\/\/100.26.121.9\/zona-euro-necesita-politica-fiscal-moderadamente-expansiva-en-2017-comision-europea\/"},"modified":"2016-11-16T00:00:00","modified_gmt":"2016-11-16T00:00:00","slug":"zona-euro-necesita-politica-fiscal-moderadamente-expansiva-en-2017-comision-europea","status":"publish","type":"post","link":"https:\/\/miuracapital.com.pa\/?p=898","title":{"rendered":"Zona euro necesita pol\u00edtica fiscal moderadamente expansiva en 2017: Comisi\u00f3n Europea"},"content":{"rendered":"<p class=\"first\">La zona euro en su conjunto necesita relajar su pol\u00edtica fiscal el pr\u00f3ximo a\u00f1o y hacerla moderadamente expansiva para impulsar una lenta recuperaci\u00f3n econ\u00f3mica, dijo el mi\u00e9rcoles la Comisi\u00f3n Europea.<\/p>\n<p>\u201cLa Comisi\u00f3n considera que hay cabida para una postura fiscal significativamente m\u00e1s positiva para el \u00e1rea del euro\u201d, dijo en un comunicado, y a\u00f1adi\u00f3 que la posici\u00f3n era apoyar la ya ultralaxa pol\u00edtica monetaria del Banco Central Europeo (BCE).<\/p>\n<p>\u201cAunque ha habido avances significativos en los \u00faltimos a\u00f1os en el \u00e1rea del euro, la recuperaci\u00f3n a\u00fan no se acelera, a\u00fan hay mucha capacidad sin utilizar en empleo y capital y la incertidumbre es alta\u201d, agreg\u00f3.<\/p>\n<p>La Comisi\u00f3n dijo que para 2017 era deseable una expansi\u00f3n fiscal de hasta el 0,5 por ciento del producto interno bruto (PIB) a nivel de la zona euro en conjunto.<\/p>\n<p>Una expansi\u00f3n fiscal del 0,3 por ciento ser\u00eda el l\u00edmite m\u00ednimo del rango y contribuir\u00eda a asegurar que la zona euro reduzca a la mitad su brecha de producci\u00f3n en 2017, a la vez que es compatible con el objetivo de sostenibilidad fiscal.<\/p>\n<p>Y se\u00f1al\u00f3 que una expansi\u00f3n fiscal del 0,8 por ciento representar\u00eda el l\u00edmite m\u00e1ximo del rango y permitir\u00eda reducir del todo la brecha de producci\u00f3n, o diferencia entre la actividad econ\u00f3mica real y potencial, ya en 2017.<\/p>\n<p>\u201cSin embargo, esta postura podr\u00eda ser excesivamente expansiva, ya que podr\u00eda alimentar un recalentamiento indeseable en algunos estados miembros y acumular\u00eda preocupaciones sobre la sostenibilidad fiscal\u201d, dijo.<\/p>\n<p>Fuente: Reuters<\/p>\n<p>&#013;<br \/>\nSource: Economia<\/p>\n","protected":false},"excerpt":{"rendered":"<p>La zona euro en su conjunto necesita relajar su pol\u00edtica fiscal el pr\u00f3ximo a\u00f1o y hacerla moderadamente expansiva para impulsar una lenta recuperaci\u00f3n econ\u00f3mica, dijo el mi\u00e9rcoles la Comisi\u00f3n Europea. \u201cLa Comisi\u00f3n considera que hay cabida para una postura fiscal significativamente m\u00e1s positiva para el \u00e1rea del euro\u201d, dijo en un comunicado, y a\u00f1adi\u00f3 que [&hellip;]<\/p>\n","protected":false},"author":1,"featured_media":0,"comment_status":"open","ping_status":"open","sticky":false,"template":"","format":"standard","meta":{"pgc_meta":"","_et_pb_use_builder":"","_et_pb_old_content":"","_et_gb_content_width":"","inline_featured_image":false,"footnotes":""},"categories":[1],"tags":[11],"class_list":["post-898","post","type-post","status-publish","format-standard","hentry","category-uncategorized","tag-art"],"_links":{"self":[{"href":"https:\/\/miuracapital.com.pa\/index.php?rest_route=\/wp\/v2\/posts\/898","targetHints":{"allow":["GET"]}}],"collection":[{"href":"https:\/\/miuracapital.com.pa\/index.php?rest_route=\/wp\/v2\/posts"}],"about":[{"href":"https:\/\/miuracapital.com.pa\/index.php?rest_route=\/wp\/v2\/types\/post"}],"author":[{"embeddable":true,"href":"https:\/\/miuracapital.com.pa\/index.php?rest_route=\/wp\/v2\/users\/1"}],"replies":[{"embeddable":true,"href":"https:\/\/miuracapital.com.pa\/index.php?rest_route=%2Fwp%2Fv2%2Fcomments&post=898"}],"version-history":[{"count":0,"href":"https:\/\/miuracapital.com.pa\/index.php?rest_route=\/wp\/v2\/posts\/898\/revisions"}],"wp:attachment":[{"href":"https:\/\/miuracapital.com.pa\/index.php?rest_route=%2Fwp%2Fv2%2Fmedia&parent=898"}],"wp:term":[{"taxonomy":"category","embeddable":true,"href":"https:\/\/miuracapital.com.pa\/index.php?rest_route=%2Fwp%2Fv2%2Fcategories&post=898"},{"taxonomy":"post_tag","embeddable":true,"href":"https:\/\/miuracapital.com.pa\/index.php?rest_route=%2Fwp%2Fv2%2Ftags&post=898"}],"curies":[{"name":"wp","href":"https:\/\/api.w.org\/{rel}","templated":true}]}}