{"id":893,"date":"2016-11-14T00:00:00","date_gmt":"2016-11-14T00:00:00","guid":{"rendered":"http:\/\/100.26.121.9\/europea-se-pronuncio-sobre-el-dialogo-en-venezuela\/"},"modified":"2016-11-14T00:00:00","modified_gmt":"2016-11-14T00:00:00","slug":"europea-se-pronuncio-sobre-el-dialogo-en-venezuela","status":"publish","type":"post","link":"https:\/\/miuracapital.com.pa\/?p=893","title":{"rendered":"Europea se pronunci\u00f3 sobre el di\u00e1logo en Venezuela"},"content":{"rendered":"<p>La Uni\u00f3n Europea felicit\u00f3 al Gobierno de Venezuela y a la Mesa de Unidad Democr\u00e1tica (MUD) por la firma de varios acuerdos en la segunda reuni\u00f3n de di\u00e1logo nacional, y consider\u00f3 \u201ccrucial\u201d que los contactos sigan en un ambiente \u201cpositivo\u201d.<\/p>\n<p>\u201cLa Uni\u00f3n Europea acoge con satisfacci\u00f3n los pasos positivos logrados durante la sesi\u00f3n plenaria del di\u00e1logo entre el Gobierno y la oposici\u00f3n de Venezuela\u201d, que tuvo lugar el 11 de noviembre con mediaci\u00f3n del Vaticano y la Uni\u00f3n de Naciones Suramericanas (UNASUR), declar\u00f3 una portavoz de la alta representante de la UE para la Pol\u00edtica Exterior, Federica Mogherini, en un comunicado.<\/p>\n<p>En opini\u00f3n de la UE, es \u201ccrucial que este di\u00e1logo pueda continuar en un esp\u00edritu positivo para que sean alcanzados resultados concretos que permitan al pa\u00eds afrontar y superar sus retos\u201d.<\/p>\n<p>La portavoz tambi\u00e9n reafirm\u00f3 que la UE mantiene su \u201cpleno apoyo a los esfuerzos\u201d del enviado especial del papa Francisco, Claudio Mar\u00eda Celli, y de los facilitadores de UNASUR \u201cen su b\u00fasqueda de una soluci\u00f3n duradera y integral\u201d.<\/p>\n<p>\u201cEs importante que todas las partes sigan concretando avances y gestos de acercamiento para dar una verdadera oportunidad al di\u00e1logo en el inter\u00e9s de todos los venezolanos\u201d, destac\u00f3.<\/p>\n<p>Seg\u00fan la portavoz, la Uni\u00f3n Europea \u201cmantiene su compromiso de apoyo al di\u00e1logo y est\u00e1 dispuesta a ayudar a promover soluciones concretas a los problemas del pueblo venezolano\u201d.<\/p>\n<p>Tras dos d\u00edas de deliberaciones, la mesa de di\u00e1logo instalada en Caracas concluy\u00f3 el s\u00e1bado su segunda plenaria con una declaraci\u00f3n conjunta, llamada \u201cConvivir en paz\u201d, en la que acuerdan pacificar la pol\u00edtica, evitar el odio, la amenaza y el insulto y \u201cdesterrar\u201d la violencia en general.<\/p>\n<p>La mesa de di\u00e1logo acord\u00f3 tambi\u00e9n adoptar \u201cmedidas orientadas al abastecimiento de medicamentos y alimentos\u201d, que escasean en el pa\u00eds, as\u00ed como poner en pr\u00e1ctica una hoja de ruta \u201cque permita normalizar la relaci\u00f3n constitucional entre los poderes del Estado\u201d.<\/p>\n<p>Fuente: EFE<\/p>\n<p>&#013;<br \/>\nSource: Economia<\/p>\n","protected":false},"excerpt":{"rendered":"<p>La Uni\u00f3n Europea felicit\u00f3 al Gobierno de Venezuela y a la Mesa de Unidad Democr\u00e1tica (MUD) por la firma de varios acuerdos en la segunda reuni\u00f3n de di\u00e1logo nacional, y consider\u00f3 \u201ccrucial\u201d que los contactos sigan en un ambiente \u201cpositivo\u201d. \u201cLa Uni\u00f3n Europea acoge con satisfacci\u00f3n los pasos positivos logrados durante la sesi\u00f3n plenaria del [&hellip;]<\/p>\n","protected":false},"author":1,"featured_media":0,"comment_status":"open","ping_status":"open","sticky":false,"template":"","format":"standard","meta":{"pgc_meta":"","_et_pb_use_builder":"","_et_pb_old_content":"","_et_gb_content_width":"","inline_featured_image":false,"footnotes":""},"categories":[1],"tags":[11],"class_list":["post-893","post","type-post","status-publish","format-standard","hentry","category-uncategorized","tag-art"],"_links":{"self":[{"href":"https:\/\/miuracapital.com.pa\/index.php?rest_route=\/wp\/v2\/posts\/893","targetHints":{"allow":["GET"]}}],"collection":[{"href":"https:\/\/miuracapital.com.pa\/index.php?rest_route=\/wp\/v2\/posts"}],"about":[{"href":"https:\/\/miuracapital.com.pa\/index.php?rest_route=\/wp\/v2\/types\/post"}],"author":[{"embeddable":true,"href":"https:\/\/miuracapital.com.pa\/index.php?rest_route=\/wp\/v2\/users\/1"}],"replies":[{"embeddable":true,"href":"https:\/\/miuracapital.com.pa\/index.php?rest_route=%2Fwp%2Fv2%2Fcomments&post=893"}],"version-history":[{"count":0,"href":"https:\/\/miuracapital.com.pa\/index.php?rest_route=\/wp\/v2\/posts\/893\/revisions"}],"wp:attachment":[{"href":"https:\/\/miuracapital.com.pa\/index.php?rest_route=%2Fwp%2Fv2%2Fmedia&parent=893"}],"wp:term":[{"taxonomy":"category","embeddable":true,"href":"https:\/\/miuracapital.com.pa\/index.php?rest_route=%2Fwp%2Fv2%2Fcategories&post=893"},{"taxonomy":"post_tag","embeddable":true,"href":"https:\/\/miuracapital.com.pa\/index.php?rest_route=%2Fwp%2Fv2%2Ftags&post=893"}],"curies":[{"name":"wp","href":"https:\/\/api.w.org\/{rel}","templated":true}]}}