{"id":4017,"date":"2023-09-06T16:24:19","date_gmt":"2023-09-06T16:24:19","guid":{"rendered":"https:\/\/www.miuracapital.com.pa\/?p=4017"},"modified":"2023-09-06T16:24:19","modified_gmt":"2023-09-06T16:24:19","slug":"cepal-eleva-al-17-la-prevision-de-crecimiento-de-latinoamerica-para-2023","status":"publish","type":"post","link":"https:\/\/miuracapital.com.pa\/?p=4017","title":{"rendered":"Cepal eleva al 1,7% la previsi\u00f3n de crecimiento de Latinoam\u00e9rica para 2023"},"content":{"rendered":"<p>(EFE)-\u00a0La Comisi\u00f3n Econ\u00f3mica para Am\u00e9rica Latina y el Caribe (Cepal) elev\u00f3 este martes su proyecci\u00f3n de crecimiento del PIB regional para 2023 del 1,2%, estimado el pasado abril, a un 1,7%, pero alert\u00f3 de que el escenario macroecon\u00f3mico global sigue siendo\u00a0<strong>\u201ccomplejo\u201d.<\/strong><\/p>\n<p>El organismo de Naciones Unidas, con sede en Santiago de Chile, explic\u00f3 en un nuevo informe que la econom\u00eda mundial \u201cse mantiene en una senda de bajo crecimiento econ\u00f3mico\u201d y que\u00a0<strong>\u201clos pa\u00edses desarrollados seguir\u00e1n con sus pol\u00edticas monetarias contractivas\u201d<\/strong>, a pesar de las ca\u00eddas en las tasas de inflaci\u00f3n.<\/p>\n<p>\u201cNo cabe esperar una baja significativa en las tasas de inter\u00e9s externas durante este a\u00f1o, y los costos de financiamiento para nuestros pa\u00edses seguir\u00e1n altos\u201d, indic\u00f3 CEPAL,\u00a0<strong>que para 2024 proyecta una expansi\u00f3n del PIB regional del 1,5%.<\/strong><\/p>\n<p>Tambi\u00e9n puede leer:<\/p>\n<h3 class=\"entry-title\"><a href=\"https:\/\/finanzasdigital.com\/caida-de-la-actividad-empresarial-en-la-eurozona-en-agosto-2023-es-mas-profunda-de-lo-esperado\/\" target=\"_blank\" rel=\"noopener noreferrer\">Ca\u00edda de la actividad empresarial en la eurozona en agosto 2023 es m\u00e1s profunda de lo esperado, seg\u00fan encuesta<\/a><\/h3>\n<p>El bajo crecimiento de 2023 y 2024 redundar\u00e1 en una desaceleraci\u00f3n del empleo,\u00a0<strong>que crecer\u00e1 solo un 1,9% en 2023 y en 1,1% en 2024<\/strong>, de acuerdo al documento \u201cEstudio Econ\u00f3mico de Am\u00e9rica Latina y el Caribe, 2023. El financiamiento de una transici\u00f3n sostenible: inversi\u00f3n para crecer y enfrentar el cambio clim\u00e1tico\u201d.<\/p>\n<p>La regi\u00f3n tendr\u00e1 adem\u00e1s un espacio fiscal\u00a0<strong>\u201climitado\u201d<\/strong>, debido a los altos niveles de deuda p\u00fablica, el aumento de las tasas internas y externas y la ca\u00edda de los ingresos tributarios producto del menor crecimiento, indic\u00f3 el organismo.<\/p>\n<p>\u201cEl bajo crecimiento de Am\u00e9rica Latina y el Caribe se puede ver agravado por los efectos negativos de una agudizaci\u00f3n de los choques clim\u00e1ticos,\u00a0<strong>si no se realizan las inversiones en adaptaci\u00f3n y mitigaci\u00f3n<\/strong>\u00a0al cambio clim\u00e1tico que requieren los pa\u00edses\u201d, se\u00f1al\u00f3 durante la presentaci\u00f3n del estudio el secretario ejecutivo de la CEPAL, Jos\u00e9 Manuel Salazar-Xirinachs.<\/p>\n<h2>Argentina, Hait\u00ed y Chile: los \u00fanicos que decrecen<\/h2>\n<p>Panam\u00e1 (5,1%), Paraguay (4,2%) y las islas del Caribe (4,2%, sin incluir Guyana)\u00a0<strong>liderar\u00e1n el crecimiento econ\u00f3mico este a\u00f1o<\/strong>, seguidos de Costa Rica (3,8%), Rep\u00fablica Dominicana (3,7%). Honduras y Guatemala, ambos con una expansi\u00f3n del 3,4%.<\/p>\n<p><strong>En el medio de la tabla se encuentran Venezuela (3,2%),<\/strong>\u00a0M\u00e9xico (2,9%), Brasil (2,5%), Nicaragua (2,4%), Ecuador (2,3%), Bolivia (2,2%) y El Salvador (2,1%).<\/p>\n<p>En la cola, pero a\u00fan con cifras positivas, est\u00e1n Cuba (1,8%), Per\u00fa (1,3%), Colombia (1,2%) y Uruguay (1%), mientras que Chile (-0,3%), Hait\u00ed (-0,7%) y Argentina (-3%)\u00a0<strong>son los \u00fanicos que decrecer\u00e1n este a\u00f1o<\/strong>, seg\u00fan el organismo de Naciones Unidas.<\/p>\n<p>Latinoam\u00e9rica, la regi\u00f3n m\u00e1s desigual del mundo y la m\u00e1s afectada por la pandemia, creci\u00f3 un 6,9% en 2021, como rebote tras el desplome del 6,8% registrado en 2020,\u00a0<strong>la mayor recesi\u00f3n en 120 a\u00f1os.<\/strong><\/p>\n<p>La desaceleraci\u00f3n en la regi\u00f3n comenz\u00f3 en el segundo semestre de 2022,\u00a0<strong>que cerr\u00f3 con un crecimiento estimado del 3,7%<\/strong>, seg\u00fan CEPAL.<\/p>\n<h2>El costo clim\u00e1tico<\/h2>\n<p>En la segunda parte del informe presentado este martes, el organismo analiza las consecuencias del cambio clim\u00e1tico en las econom\u00edas regionales y los posibles mecanismos financieros para facilitar las inversiones<strong>\u00a0a fin de contar con econom\u00edas resilientes.<\/strong><\/p>\n<p>\u201cComo resultado de la agudizaci\u00f3n de los choques clim\u00e1ticos, en 2050 el PIB de seis pa\u00edses de la regi\u00f3n, altamente expuestos a los riesgos del cambio clim\u00e1tico,<strong>\u00a0podr\u00eda ser entre un 9% y un 12% menor<\/strong>\u00a0que el correspondiente a un escenario de crecimiento tendencial\u201d, indica el documento.<\/p>\n<p>Para compensar estas p\u00e9rdidas, agreg\u00f3 CEPAL, se requerir\u00edan inversiones adicionales<strong>\u00a0\u201cexcepcionalmente grandes, de entre un 5,3% y un 10,9% del PIB por a\u00f1o\u201d.<\/strong><\/p>\n<p>\u201cAnte los desaf\u00edos de dinamizar el crecimiento y hacer frente al cambio clim\u00e1tico es esencial potenciar la inversi\u00f3n p\u00fablica y privada. La inversi\u00f3n p\u00fablica en la regi\u00f3n es baja en comparaci\u00f3n con las econom\u00edas avanzadas,\u00a0<strong>e incluso respecto de otras regiones en desarrollo<\/strong>\u201c, apunt\u00f3 Salazar-Xirinachs.<\/p>\n<p>EFE<\/p>\n<p>&#013;<br \/>\nSource: Economia<\/p>\n","protected":false},"excerpt":{"rendered":"<p>(EFE)-\u00a0La Comisi\u00f3n Econ\u00f3mica para Am\u00e9rica Latina y el Caribe (Cepal) elev\u00f3 este martes su proyecci\u00f3n de crecimiento del PIB regional para 2023 del 1,2%, estimado el pasado abril, a un 1,7%, pero alert\u00f3 de que el escenario macroecon\u00f3mico global sigue siendo\u00a0\u201ccomplejo\u201d. El organismo de Naciones Unidas, con sede en Santiago de Chile, explic\u00f3 en un [&hellip;]<\/p>\n","protected":false},"author":1,"featured_media":0,"comment_status":"open","ping_status":"open","sticky":false,"template":"","format":"standard","meta":{"pgc_meta":"","_et_pb_use_builder":"","_et_pb_old_content":"","_et_gb_content_width":"","inline_featured_image":false,"footnotes":""},"categories":[1],"tags":[],"class_list":["post-4017","post","type-post","status-publish","format-standard","hentry","category-uncategorized"],"_links":{"self":[{"href":"https:\/\/miuracapital.com.pa\/index.php?rest_route=\/wp\/v2\/posts\/4017","targetHints":{"allow":["GET"]}}],"collection":[{"href":"https:\/\/miuracapital.com.pa\/index.php?rest_route=\/wp\/v2\/posts"}],"about":[{"href":"https:\/\/miuracapital.com.pa\/index.php?rest_route=\/wp\/v2\/types\/post"}],"author":[{"embeddable":true,"href":"https:\/\/miuracapital.com.pa\/index.php?rest_route=\/wp\/v2\/users\/1"}],"replies":[{"embeddable":true,"href":"https:\/\/miuracapital.com.pa\/index.php?rest_route=%2Fwp%2Fv2%2Fcomments&post=4017"}],"version-history":[{"count":0,"href":"https:\/\/miuracapital.com.pa\/index.php?rest_route=\/wp\/v2\/posts\/4017\/revisions"}],"wp:attachment":[{"href":"https:\/\/miuracapital.com.pa\/index.php?rest_route=%2Fwp%2Fv2%2Fmedia&parent=4017"}],"wp:term":[{"taxonomy":"category","embeddable":true,"href":"https:\/\/miuracapital.com.pa\/index.php?rest_route=%2Fwp%2Fv2%2Fcategories&post=4017"},{"taxonomy":"post_tag","embeddable":true,"href":"https:\/\/miuracapital.com.pa\/index.php?rest_route=%2Fwp%2Fv2%2Ftags&post=4017"}],"curies":[{"name":"wp","href":"https:\/\/api.w.org\/{rel}","templated":true}]}}