{"id":4010,"date":"2023-08-14T20:58:51","date_gmt":"2023-08-14T20:58:51","guid":{"rendered":"https:\/\/www.miuracapital.com.pa\/?p=4010"},"modified":"2023-08-14T20:58:51","modified_gmt":"2023-08-14T20:58:51","slug":"standard-poors-ratifica-la-calificacion-bbb-a-panama-y-mejora-la-perspectiva-a-estable","status":"publish","type":"post","link":"https:\/\/miuracapital.com.pa\/?p=4010","title":{"rendered":"Standard &amp; Poor\u2019s ratifica la calificaci\u00f3n BBB a Panam\u00e1 y mejora la perspectiva a estable"},"content":{"rendered":"<p>La calificadora de riesgo Standard &amp; Poor\u2019s (S&amp;P) reafirm\u00f3 la calificaci\u00f3n soberana de Panam\u00e1 en BBB<strong>\u00a0y mejor\u00f3 la perspectiva a estable<\/strong>, inform\u00f3 este viernes el Gobierno paname\u00f1o.<\/p>\n<p>Seg\u00fan inform\u00f3 el Ministerio de Econom\u00eda y Finanzas (MEF), la calificadora se bas\u00f3\u00a0<strong>\u201cen el\u00a0s\u00f3lido desempe\u00f1o econ\u00f3mico reciente\u201d<\/strong>\u00a0de Panam\u00e1, que cuenta con \u201cuna econom\u00eda diversificada con el mayor crecimiento del PIB entre los pa\u00edses con desarrollo similar\u201d, para reafirmar la calificaci\u00f3n.<\/p>\n<p>Agreg\u00f3 que \u201cla perspectiva de S&amp;P refleja la expectativa de que la gesti\u00f3n econ\u00f3mica estable persistir\u00e1 durante los pr\u00f3ximos dos a\u00f1os, lo que sustentar\u00e1 un crecimiento econ\u00f3mico favorable<strong>\u00a0que respaldar\u00e1 los esfuerzos de consolidaci\u00f3n fiscal<\/strong>\u201c.<\/p>\n<header class=\"entry-header\">\n<h1 class=\"entry-title\" \/>\n<\/header>\n<div class=\"entry-meta\" \/>&#013;<br \/>\nSource: Economia<\/p>\n","protected":false},"excerpt":{"rendered":"<p>La calificadora de riesgo Standard &amp; Poor\u2019s (S&amp;P) reafirm\u00f3 la calificaci\u00f3n soberana de Panam\u00e1 en BBB\u00a0y mejor\u00f3 la perspectiva a estable, inform\u00f3 este viernes el Gobierno paname\u00f1o. Seg\u00fan inform\u00f3 el Ministerio de Econom\u00eda y Finanzas (MEF), la calificadora se bas\u00f3\u00a0\u201cen el\u00a0s\u00f3lido desempe\u00f1o econ\u00f3mico reciente\u201d\u00a0de Panam\u00e1, que cuenta con \u201cuna econom\u00eda diversificada con el mayor crecimiento [&hellip;]<\/p>\n","protected":false},"author":1,"featured_media":0,"comment_status":"open","ping_status":"open","sticky":false,"template":"","format":"standard","meta":{"pgc_meta":"","_et_pb_use_builder":"","_et_pb_old_content":"","_et_gb_content_width":"","inline_featured_image":false,"footnotes":""},"categories":[1],"tags":[],"class_list":["post-4010","post","type-post","status-publish","format-standard","hentry","category-uncategorized"],"_links":{"self":[{"href":"https:\/\/miuracapital.com.pa\/index.php?rest_route=\/wp\/v2\/posts\/4010","targetHints":{"allow":["GET"]}}],"collection":[{"href":"https:\/\/miuracapital.com.pa\/index.php?rest_route=\/wp\/v2\/posts"}],"about":[{"href":"https:\/\/miuracapital.com.pa\/index.php?rest_route=\/wp\/v2\/types\/post"}],"author":[{"embeddable":true,"href":"https:\/\/miuracapital.com.pa\/index.php?rest_route=\/wp\/v2\/users\/1"}],"replies":[{"embeddable":true,"href":"https:\/\/miuracapital.com.pa\/index.php?rest_route=%2Fwp%2Fv2%2Fcomments&post=4010"}],"version-history":[{"count":0,"href":"https:\/\/miuracapital.com.pa\/index.php?rest_route=\/wp\/v2\/posts\/4010\/revisions"}],"wp:attachment":[{"href":"https:\/\/miuracapital.com.pa\/index.php?rest_route=%2Fwp%2Fv2%2Fmedia&parent=4010"}],"wp:term":[{"taxonomy":"category","embeddable":true,"href":"https:\/\/miuracapital.com.pa\/index.php?rest_route=%2Fwp%2Fv2%2Fcategories&post=4010"},{"taxonomy":"post_tag","embeddable":true,"href":"https:\/\/miuracapital.com.pa\/index.php?rest_route=%2Fwp%2Fv2%2Ftags&post=4010"}],"curies":[{"name":"wp","href":"https:\/\/api.w.org\/{rel}","templated":true}]}}