{"id":4002,"date":"2023-07-26T21:04:58","date_gmt":"2023-07-26T21:04:58","guid":{"rendered":"https:\/\/www.miuracapital.com.pa\/?p=4002"},"modified":"2023-07-26T21:04:58","modified_gmt":"2023-07-26T21:04:58","slug":"la-fed-aprueba-subida-que-lleva-las-tasas-de-interes-al-nivel-mas-alto-en-mas-de-22-anos","status":"publish","type":"post","link":"https:\/\/miuracapital.com.pa\/?p=4002","title":{"rendered":"La Fed aprueba subida que lleva las tasas de inter\u00e9s al nivel m\u00e1s alto en m\u00e1s de 22 a\u00f1os"},"content":{"rendered":"<p style=\"font-weight: 400\">La Reserva Federal elev\u00f3 las tasas de inter\u00e9s 25 puntos b\u00e1sicos hoy, elevando el rango objetivo a 5,25%-5,50%. Esta es la s\u00e9ptima subida de tasas consecutiva, y se produce cuando la Fed intenta reducir la inflaci\u00f3n a su objetivo del 2%.<\/p>\n<p style=\"font-weight: 400\">La Fed se compromete a reducir la inflaci\u00f3n y restaurar la estabilidad de precios. Es probable que esto genere algunos problemas a corto plazo en la forma de un crecimiento econ\u00f3mico m\u00e1s lento y cierto debilitamiento de las condiciones del mercado laboral.<\/p>\n<p style=\"font-weight: 400\">La inflaci\u00f3n ha estado muy por encima del objetivo de la Fed desde hace alg\u00fan tiempo. En mayo, el \u00cdndice de Precios al Consumidor (IPC) subi\u00f3 un 8,6% interanual, el nivel m\u00e1s alto desde 1981. A la Fed le preocupa que la alta inflaci\u00f3n se consolide, por lo que est\u00e1 tomando medidas agresivas para enfriar la econom\u00eda. Sin embargo, a largo plazo, esto ser\u00e1 necesario para garantizar una econom\u00eda saludable.<\/p>\n<p style=\"font-weight: 400\">La econom\u00eda enfrenta vientos en contra debido a condiciones crediticias m\u00e1s estrictas, que probablemente afecten la actividad econ\u00f3mica, la inflaci\u00f3n y el mercado laboral.<\/p>\n<p style=\"font-weight: 400\">La Fed continuar\u00e1 monitoreando las condiciones econ\u00f3micas y har\u00e1 ajustes a su pol\u00edtica seg\u00fan sea necesario. El objetivo de la Fed es llevar la inflaci\u00f3n de vuelta a su objetivo del 2% y, al mismo tiempo, respaldar un mercado laboral s\u00f3lido. Es probable que la reducci\u00f3n de la inflaci\u00f3n requiera un per\u00edodo de crecimiento por debajo de la tendencia y cierta relajaci\u00f3n de las condiciones del mercado laboral.<\/p>\n<p style=\"font-weight: 400\">El personal de la Reserva Federal de EE. UU. \u00abya no pronostica una recesi\u00f3n\u00bb dada la resistencia de la econom\u00eda recientemente, aunque se espera una desaceleraci\u00f3n del crecimiento a finales de este a\u00f1o.<\/p>\n<p style=\"font-weight: 400\">El pron\u00f3stico econ\u00f3mico preparado por el personal para la reuni\u00f3n de pol\u00edtica monetaria del banco central en junio anticip\u00f3 una recesi\u00f3n leve en EE. UU. a partir de finales de 2023, pero las noticias econ\u00f3micas positivas han aumentado las posibilidades de un \u00abaterrizaje suave\u00bb en el que los funcionarios reduzcan la inflaci\u00f3n sin desencadenar una recesi\u00f3n importante.<\/p>\n<p>&#013;<br \/>\nSource: Economia<\/p>\n","protected":false},"excerpt":{"rendered":"<p>La Reserva Federal elev\u00f3 las tasas de inter\u00e9s 25 puntos b\u00e1sicos hoy, elevando el rango objetivo a 5,25%-5,50%. Esta es la s\u00e9ptima subida de tasas consecutiva, y se produce cuando la Fed intenta reducir la inflaci\u00f3n a su objetivo del 2%. La Fed se compromete a reducir la inflaci\u00f3n y restaurar la estabilidad de precios. [&hellip;]<\/p>\n","protected":false},"author":1,"featured_media":0,"comment_status":"open","ping_status":"open","sticky":false,"template":"","format":"standard","meta":{"pgc_meta":"","_et_pb_use_builder":"","_et_pb_old_content":"","_et_gb_content_width":"","inline_featured_image":false,"footnotes":""},"categories":[1],"tags":[],"class_list":["post-4002","post","type-post","status-publish","format-standard","hentry","category-uncategorized"],"_links":{"self":[{"href":"https:\/\/miuracapital.com.pa\/index.php?rest_route=\/wp\/v2\/posts\/4002","targetHints":{"allow":["GET"]}}],"collection":[{"href":"https:\/\/miuracapital.com.pa\/index.php?rest_route=\/wp\/v2\/posts"}],"about":[{"href":"https:\/\/miuracapital.com.pa\/index.php?rest_route=\/wp\/v2\/types\/post"}],"author":[{"embeddable":true,"href":"https:\/\/miuracapital.com.pa\/index.php?rest_route=\/wp\/v2\/users\/1"}],"replies":[{"embeddable":true,"href":"https:\/\/miuracapital.com.pa\/index.php?rest_route=%2Fwp%2Fv2%2Fcomments&post=4002"}],"version-history":[{"count":0,"href":"https:\/\/miuracapital.com.pa\/index.php?rest_route=\/wp\/v2\/posts\/4002\/revisions"}],"wp:attachment":[{"href":"https:\/\/miuracapital.com.pa\/index.php?rest_route=%2Fwp%2Fv2%2Fmedia&parent=4002"}],"wp:term":[{"taxonomy":"category","embeddable":true,"href":"https:\/\/miuracapital.com.pa\/index.php?rest_route=%2Fwp%2Fv2%2Fcategories&post=4002"},{"taxonomy":"post_tag","embeddable":true,"href":"https:\/\/miuracapital.com.pa\/index.php?rest_route=%2Fwp%2Fv2%2Ftags&post=4002"}],"curies":[{"name":"wp","href":"https:\/\/api.w.org\/{rel}","templated":true}]}}