{"id":2612,"date":"2018-07-16T00:00:00","date_gmt":"2018-07-16T00:00:00","guid":{"rendered":"http:\/\/100.26.121.9\/fmi-advierte-eeuu-es-vulnerable-ante-escalada-de-conflictos-comerciales\/"},"modified":"2018-07-16T00:00:00","modified_gmt":"2018-07-16T00:00:00","slug":"fmi-advierte-eeuu-es-vulnerable-ante-escalada-de-conflictos-comerciales","status":"publish","type":"post","link":"https:\/\/miuracapital.com.pa\/?p=2612","title":{"rendered":"FMI advierte EEUU es vulnerable ante escalada de conflictos comerciales"},"content":{"rendered":"<p class=\"canvas-atom canvas-text Mb(1.0em) Mb(0)--sm Mt(0.8em)--sm\">\u00a0El Fondo Monetario Internacional advirti\u00f3 el lunes que es cada vez m\u00e1s probable que se produzcan conflictos comerciales crecientes y sostenidos, lo que amenaza con descarrilar la recuperaci\u00f3n econ\u00f3mica y deprimir las perspectivas de crecimiento a mediano plazo.<\/p>\n<p class=\"canvas-atom canvas-text Mb(1.0em) Mb(0)--sm Mt(0.8em)--sm\">El FMI dijo en una actualizaci\u00f3n de su Panorama Econ\u00f3mico Mundial que Estados Unidos, como foco de aranceles de represalia por parte de socios comerciales, es especialmente vulnerable a una desaceleraci\u00f3n de sus exportaciones.<\/p>\n<p class=\"canvas-atom canvas-text Mb(1.0em) Mb(0)--sm Mt(0.8em)--sm\">Una escalada de las tarifas a los niveles amenazados por Estados Unidos, China y otros pa\u00edses no s\u00f3lo tiene un efecto directo en la demanda, sino que elevar\u00eda la incertidumbre y da\u00f1ar\u00eda la inversi\u00f3n, agreg\u00f3 el organismo internacional con sede en Washington.<\/p>\n<p class=\"canvas-atom canvas-text Mb(1.0em) Mb(0)--sm Mt(0.8em)--sm\">\u201cNuestro modelo sugiere que si se concretan las amenazas actuales a la pol\u00edtica comercial y la confianza empresarial cae como resultado, la producci\u00f3n mundial podr\u00eda estar alrededor de 0,5 %por debajo de las proyecciones actuales para el 2020\u201d, dijo en un comunicado el economista jefe del FMI, Maury Obstfeld.<\/p>\n<p class=\"canvas-atom canvas-text Mb(1.0em) Mb(0)--sm Mt(0.8em)--sm\">\u201cComo foco de represalias globales, Estados Unidos encuentra una parte relativamente alta de sus exportaciones gravadas en los mercados globales ante un conflicto comercial tan amplio, y por lo tanto es especialmente vulnerable\u201d, agreg\u00f3 Obstfeld.<\/p>\n<p class=\"canvas-atom canvas-text Mb(1.0em) Mb(0)--sm Mt(0.8em)--sm\">El FMI mantuvo sus pron\u00f3sticos de crecimiento mundial en un 3,9 % tanto para este a\u00f1o como para el 2019, en comparaci\u00f3n con su proyecci\u00f3n anterior emitida en abril.<\/p>\n<p class=\"canvas-atom canvas-text Mb(1.0em) Mb(0)--sm Mt(0.8em)--sm\">Las previsiones para Estados Unidos y China tampoco cambiaron, con un crecimiento de 2,9 % en 2018 y de 2,7 % en 2019 para la mayor econom\u00eda del mundo, y una expansi\u00f3n de 6,6 % para este a\u00f1o y en 6,4 % para el pr\u00f3ximo en el caso del gigante asi\u00e1tico.<\/p>\n<p class=\"canvas-atom canvas-text Mb(1.0em) Mb(0)--sm Mt(0.8em)--sm\">No obstante, el FMI recort\u00f3 las previsiones para el 2018 de algunos pa\u00edses de mercados emergentes. En particular baj\u00f3 medio punto porcentual la proyecci\u00f3n de crecimiento de Brasil, a un 1,8 %, debido a los efectos persistentes de huelgas laborales y la incertidumbre pol\u00edtica.<\/p>\n<p class=\"canvas-atom canvas-text Mb(1.0em) Mb(0)--sm Mt(0.8em)--sm\">El Fondo tambi\u00e9n redujo sus pron\u00f3sticos de crecimiento para este a\u00f1o en los pa\u00edses de la zona euro, Jap\u00f3n y Reino Unido, citando un desempe\u00f1o del primer trimestre m\u00e1s d\u00e9bil a lo esperado, junto con condiciones financieras m\u00e1s ajustadas, en parte debido a la incertidumbre pol\u00edtica.<\/p>\n<p class=\"canvas-atom canvas-text Mb(1.0em) Mb(0)--sm Mt(0.8em)--sm\">El organismo redujo la proyecci\u00f3n de expansi\u00f3n para la zona euro este a\u00f1o a un 2,2 % desde un 2,4 % y para Reino Unido la recort\u00f3 a un 1,4 por ciento desde un 1,6 por ciento. El FMI disminuy\u00f3 el pron\u00f3stico de expansi\u00f3n de Jap\u00f3n a 1,0 por ciento desde 1,2 %.<\/p>\n<p>Fuente: Reuters<\/p>\n<p>&#013;<br \/>\nSource: Economia<\/p>\n","protected":false},"excerpt":{"rendered":"<p>\u00a0El Fondo Monetario Internacional advirti\u00f3 el lunes que es cada vez m\u00e1s probable que se produzcan conflictos comerciales crecientes y sostenidos, lo que amenaza con descarrilar la recuperaci\u00f3n econ\u00f3mica y deprimir las perspectivas de crecimiento a mediano plazo. El FMI dijo en una actualizaci\u00f3n de su Panorama Econ\u00f3mico Mundial que Estados Unidos, como foco de [&hellip;]<\/p>\n","protected":false},"author":1,"featured_media":0,"comment_status":"open","ping_status":"open","sticky":false,"template":"","format":"standard","meta":{"pgc_meta":"","_et_pb_use_builder":"","_et_pb_old_content":"","_et_gb_content_width":"","inline_featured_image":false,"footnotes":""},"categories":[1],"tags":[11],"class_list":["post-2612","post","type-post","status-publish","format-standard","hentry","category-uncategorized","tag-art"],"_links":{"self":[{"href":"https:\/\/miuracapital.com.pa\/index.php?rest_route=\/wp\/v2\/posts\/2612","targetHints":{"allow":["GET"]}}],"collection":[{"href":"https:\/\/miuracapital.com.pa\/index.php?rest_route=\/wp\/v2\/posts"}],"about":[{"href":"https:\/\/miuracapital.com.pa\/index.php?rest_route=\/wp\/v2\/types\/post"}],"author":[{"embeddable":true,"href":"https:\/\/miuracapital.com.pa\/index.php?rest_route=\/wp\/v2\/users\/1"}],"replies":[{"embeddable":true,"href":"https:\/\/miuracapital.com.pa\/index.php?rest_route=%2Fwp%2Fv2%2Fcomments&post=2612"}],"version-history":[{"count":0,"href":"https:\/\/miuracapital.com.pa\/index.php?rest_route=\/wp\/v2\/posts\/2612\/revisions"}],"wp:attachment":[{"href":"https:\/\/miuracapital.com.pa\/index.php?rest_route=%2Fwp%2Fv2%2Fmedia&parent=2612"}],"wp:term":[{"taxonomy":"category","embeddable":true,"href":"https:\/\/miuracapital.com.pa\/index.php?rest_route=%2Fwp%2Fv2%2Fcategories&post=2612"},{"taxonomy":"post_tag","embeddable":true,"href":"https:\/\/miuracapital.com.pa\/index.php?rest_route=%2Fwp%2Fv2%2Ftags&post=2612"}],"curies":[{"name":"wp","href":"https:\/\/api.w.org\/{rel}","templated":true}]}}