{"id":2597,"date":"2018-07-11T00:00:00","date_gmt":"2018-07-11T00:00:00","guid":{"rendered":"http:\/\/100.26.121.9\/brexit-y-protestas-ensombrecen-visita-de-trump-a-reino-unido\/"},"modified":"2018-07-11T00:00:00","modified_gmt":"2018-07-11T00:00:00","slug":"brexit-y-protestas-ensombrecen-visita-de-trump-a-reino-unido","status":"publish","type":"post","link":"https:\/\/miuracapital.com.pa\/?p=2597","title":{"rendered":"Brexit y protestas ensombrecen visita de Trump a Reino Unido"},"content":{"rendered":"<p class=\"canvas-atom canvas-text Mb(1.0em) Mb(0)--sm Mt(0.8em)--sm\">Reino Unido se preparaba el mi\u00e9rcoles para la llegada de Donald Trump horas despu\u00e9s de que el presidente estadounidense se metiera en la crisis del Brexit que afecta al gobierno de la primera ministra Theresa May y de que calificara a su aliado europeo m\u00e1s pr\u00f3ximo como un pa\u00eds en estado de agitaci\u00f3n.<\/p>\n<p class=\"canvas-atom canvas-text Mb(1.0em) Mb(0)--sm Mt(0.8em)--sm\">Trump aterrizar\u00e1 el jueves en Reino Unido tras una reuni\u00f3n de la OTAN en Bruselas en la que carg\u00f3 contra Alemania y otros pa\u00edses europeos por no contribuir lo suficiente al gasto en defensa.<\/p>\n<p class=\"canvas-atom canvas-text Mb(1.0em) Mb(0)--sm Mt(0.8em)--sm\">Su viaje coincide con una semana tumultuosa para la primera ministra brit\u00e1nica despu\u00e9s de que dos de sus ministros de mayor rango dimitieran en protesta por sus planes de comercio con la Uni\u00f3n Europea una vez se produzca el pr\u00f3ximo marzo el divorcio de Reino Unido con la Uni\u00f3n Europea<\/p>\n<p class=\"canvas-atom canvas-text Mb(1.0em) Mb(0)--sm Mt(0.8em)--sm\">May parece haber evitado un desaf\u00edo inmediato a su liderazgo por parte del sector m\u00e1s descontento de su Partido Conservador, pero los comentarios de Trump antes de su visita -en los que dijo que Reino Unido se encontraba en un estado de \u201ccierta agitaci\u00f3n\u201d y que depend\u00eda de la gente que May siguiese en el poder- avivaron la sensaci\u00f3n de crisis pol\u00edtica.<\/p>\n<p class=\"canvas-atom canvas-text Mb(1.0em) Mb(0)--sm Mt(0.8em)--sm\">Trump tambi\u00e9n dijo que puede que hable con el ya ex ministro de Asuntos Exteriores, Boris Johnson, que dimiti\u00f3 junto al ministro para el Brexit, David Davis en protesta por los planes de la primera ministra de llevar a cabo un Brexit favorable al sector empresarial, planes que fueron aprobados por su gabinete el mes pasado tras dos a\u00f1os de debate.<\/p>\n<p class=\"canvas-atom canvas-text Mb(1.0em) Mb(0)--sm Mt(0.8em)--sm\">El presidente estadounidense apoya p\u00fablicamente desde hace tiempo el Brexit, al que considera parte de un descontento global como el que ulteriormente lo llev\u00f3 al poder en su pa\u00eds. Al d\u00eda siguiente de que se votara la salida de la Uni\u00f3n Europea, dijo desde su campo de golf escoc\u00e9s que el resultado del refer\u00e9ndum fue \u201calgo grande\u201d.<\/p>\n<p class=\"canvas-atom canvas-text Mb(1.0em) Mb(0)--sm Mt(0.8em)--sm\">El recibimiento a Trump no ser\u00e1 precisamente caluroso por una parte de la poblaci\u00f3n brit\u00e1nica. Cuando el mandatario estadounidense fue invitado el a\u00f1o pasado, cerca de dos millones de personas firmaron una petici\u00f3n en contra porque entend\u00edan que \u00e9ste podr\u00eda avergonzar a la reina Isabel II.<\/p>\n<p class=\"canvas-atom canvas-text Mb(1.0em) Mb(0)--sm Mt(0.8em)--sm\">Miles de efectivos policiales ser\u00e1n desplegados con motivo de la visita ya que se esperan protestas multitudinarias. M\u00e1s de 50.000 personas se han inscrito para participar en una manifestaci\u00f3n en Londres este viernes, aunque tambi\u00e9n est\u00e1 prevista otra contramanifestaci\u00f3n de bienvenida.<\/p>\n<p>Fuente: Reuters<\/p>\n<p>&#013;<br \/>\nSource: Economia<\/p>\n","protected":false},"excerpt":{"rendered":"<p>Reino Unido se preparaba el mi\u00e9rcoles para la llegada de Donald Trump horas despu\u00e9s de que el presidente estadounidense se metiera en la crisis del Brexit que afecta al gobierno de la primera ministra Theresa May y de que calificara a su aliado europeo m\u00e1s pr\u00f3ximo como un pa\u00eds en estado de agitaci\u00f3n. Trump aterrizar\u00e1 [&hellip;]<\/p>\n","protected":false},"author":1,"featured_media":0,"comment_status":"open","ping_status":"open","sticky":false,"template":"","format":"standard","meta":{"pgc_meta":"","_et_pb_use_builder":"","_et_pb_old_content":"","_et_gb_content_width":"","inline_featured_image":false,"footnotes":""},"categories":[1],"tags":[11],"class_list":["post-2597","post","type-post","status-publish","format-standard","hentry","category-uncategorized","tag-art"],"_links":{"self":[{"href":"https:\/\/miuracapital.com.pa\/index.php?rest_route=\/wp\/v2\/posts\/2597","targetHints":{"allow":["GET"]}}],"collection":[{"href":"https:\/\/miuracapital.com.pa\/index.php?rest_route=\/wp\/v2\/posts"}],"about":[{"href":"https:\/\/miuracapital.com.pa\/index.php?rest_route=\/wp\/v2\/types\/post"}],"author":[{"embeddable":true,"href":"https:\/\/miuracapital.com.pa\/index.php?rest_route=\/wp\/v2\/users\/1"}],"replies":[{"embeddable":true,"href":"https:\/\/miuracapital.com.pa\/index.php?rest_route=%2Fwp%2Fv2%2Fcomments&post=2597"}],"version-history":[{"count":0,"href":"https:\/\/miuracapital.com.pa\/index.php?rest_route=\/wp\/v2\/posts\/2597\/revisions"}],"wp:attachment":[{"href":"https:\/\/miuracapital.com.pa\/index.php?rest_route=%2Fwp%2Fv2%2Fmedia&parent=2597"}],"wp:term":[{"taxonomy":"category","embeddable":true,"href":"https:\/\/miuracapital.com.pa\/index.php?rest_route=%2Fwp%2Fv2%2Fcategories&post=2597"},{"taxonomy":"post_tag","embeddable":true,"href":"https:\/\/miuracapital.com.pa\/index.php?rest_route=%2Fwp%2Fv2%2Ftags&post=2597"}],"curies":[{"name":"wp","href":"https:\/\/api.w.org\/{rel}","templated":true}]}}