{"id":2587,"date":"2018-07-05T00:00:00","date_gmt":"2018-07-05T00:00:00","guid":{"rendered":"http:\/\/100.26.121.9\/la-fed-plantea-mas-subidas-de-tipos-en-2018-pero-introduce-por-primera-vez-en-un-ano-el-riesgo-de-recesion\/"},"modified":"2018-07-05T00:00:00","modified_gmt":"2018-07-05T00:00:00","slug":"la-fed-plantea-mas-subidas-de-tipos-en-2018-pero-introduce-por-primera-vez-en-un-ano-el-riesgo-de-recesion","status":"publish","type":"post","link":"https:\/\/miuracapital.com.pa\/?p=2587","title":{"rendered":"La Fed plantea m\u00e1s subidas de tipos en 2018 pero introduce por primera vez en un a\u00f1o el riesgo de recesi\u00f3n"},"content":{"rendered":"<h3>Las actas de la \u00faltima reuni\u00f3n se\u00f1alan la necesidad de un cambio de lenguaje acorde a la \u201cfortaleza\u201d actual de la econom\u00eda<\/h3>\n<p>WASHINGTON, 5 Jul. (EUROPA PRESS)<\/p>\n<p>Los miembros del Comit\u00e9 Federal del Mercado Abierto (FOMC) de la Reserva Federal (Fed) de Estados Unidos dejaron abierta la v\u00eda a seguir elevando los tipos de inter\u00e9s en 2018 en su \u00faltima reuni\u00f3n de junio, aunque plantearon por primera vez en un a\u00f1o la posibilidad de una recesi\u00f3n.<\/p>\n<p>As\u00ed se desprende de las actas del \u00faltimo encuentro del banco central estadounidense, presidido por Jerome Powell desde el pasado 3 de febrero, que tuvo lugar durante el pasado 12 y 13 de junio, en el que se se\u00f1ala que algunos participantes plantearon el riesgo de una posible recesi\u00f3n econ\u00f3mica como consecuencia de un periodo prolongado de tiempo en el que la econom\u00eda podr\u00eda estar operando por encima de su potencial, lo que introducir\u00eda \u201celevados\u201d riesgos inflacionarios.<\/p>\n<p>Se trata de la primera vez desde la reuni\u00f3n que el FOMC mantuvo en el mismo mes de hace un a\u00f1o que se vuelve a citar los riesgos de que la econom\u00eda estadounidense podr\u00eda entrar en una nueva recesi\u00f3n econ\u00f3mica, ya que, desde entonces, en todas las reuniones se ha estado desechando esa posibilidad.<\/p>\n<p>No obstante, las actas muestran que el crecimiento de la econom\u00eda \u201cest\u00e1 progresando\u201d en l\u00ednea con las expectativas, al mismo tiempo que se est\u00e1 consiguiendo un mercado de trabajo \u201crobusto\u201d y un objetivo de inflaci\u00f3n cercano al 2%, lo que permite seguir con el resto de alzas esperadas para el resto del a\u00f1o.<\/p>\n<p>Adem\u00e1s, algunos participantes tambi\u00e9n hicieron hincapi\u00e9 en comenzar a cambiar el lenguaje de la Fed, de forma que se modifique el mensaje de que todav\u00eda se mantiene \u201cla pol\u00edtica acomodaticia\u201d en el marco del programa expansivo de \u2018forward guidance\u2019, puesto que \u201cya no es apropiado\u201d con la actual \u201cfortaleza\u201d econ\u00f3mica del pa\u00eds.<\/p>\n<p>De las cuatro reuniones mantenidas por el FOMC en lo que va de a\u00f1o, la Fed ya ha subidos dos veces los tipos de inter\u00e9s, ambas con Powell al frente, despu\u00e9s de que tanto en el encuentro de marzo y en el del pasado mes de junio decidieran por unanimidad aumentarlos, hasta un rango objetivo de entre el 1,75% y el 2,00%.<\/p>\n<h2>GUERRA COMERCIAL<\/h2>\n<p>Por otra parte, las actas de la reuni\u00f3n del pasado mes de junio muestran \u201cpreocupaciones\u201d por los posibles efectos adversos en los que podr\u00eda incurrir los aranceles y otras pol\u00edticas restrictivas al mercado impuestas por la Administraci\u00f3n Trump en la inversi\u00f3n, tanto dom\u00e9stica como internacionalmente.<\/p>\n<p>De hecho, seg\u00fan los contactos que ha mantenido la Fed con algunos distritos del pa\u00eds, los planes para aumentar el gasto en capital se ha restringido o, incluso, se han pospuesto como resultado de la \u201cincertidumbre\u201d en materia de pol\u00edtica comercial.<\/p>\n<p>\u201cLos riesgos asociados a las tensiones globales en materia comercial se han intensificado y podr\u00edan provocar efectos negativos en el la confianza empresarial y en el gasto en inversiones\u201d, se\u00f1alan las actas.<\/p>\n<p>Fuente:\u00a0EUROPA PRESS<\/p>\n<p>&#013;<br \/>\nSource: Economia<\/p>\n","protected":false},"excerpt":{"rendered":"<p>Las actas de la \u00faltima reuni\u00f3n se\u00f1alan la necesidad de un cambio de lenguaje acorde a la \u201cfortaleza\u201d actual de la econom\u00eda WASHINGTON, 5 Jul. (EUROPA PRESS) Los miembros del Comit\u00e9 Federal del Mercado Abierto (FOMC) de la Reserva Federal (Fed) de Estados Unidos dejaron abierta la v\u00eda a seguir elevando los tipos de inter\u00e9s [&hellip;]<\/p>\n","protected":false},"author":1,"featured_media":0,"comment_status":"open","ping_status":"open","sticky":false,"template":"","format":"standard","meta":{"pgc_meta":"","_et_pb_use_builder":"","_et_pb_old_content":"","_et_gb_content_width":"","inline_featured_image":false,"footnotes":""},"categories":[1],"tags":[11],"class_list":["post-2587","post","type-post","status-publish","format-standard","hentry","category-uncategorized","tag-art"],"_links":{"self":[{"href":"https:\/\/miuracapital.com.pa\/index.php?rest_route=\/wp\/v2\/posts\/2587","targetHints":{"allow":["GET"]}}],"collection":[{"href":"https:\/\/miuracapital.com.pa\/index.php?rest_route=\/wp\/v2\/posts"}],"about":[{"href":"https:\/\/miuracapital.com.pa\/index.php?rest_route=\/wp\/v2\/types\/post"}],"author":[{"embeddable":true,"href":"https:\/\/miuracapital.com.pa\/index.php?rest_route=\/wp\/v2\/users\/1"}],"replies":[{"embeddable":true,"href":"https:\/\/miuracapital.com.pa\/index.php?rest_route=%2Fwp%2Fv2%2Fcomments&post=2587"}],"version-history":[{"count":0,"href":"https:\/\/miuracapital.com.pa\/index.php?rest_route=\/wp\/v2\/posts\/2587\/revisions"}],"wp:attachment":[{"href":"https:\/\/miuracapital.com.pa\/index.php?rest_route=%2Fwp%2Fv2%2Fmedia&parent=2587"}],"wp:term":[{"taxonomy":"category","embeddable":true,"href":"https:\/\/miuracapital.com.pa\/index.php?rest_route=%2Fwp%2Fv2%2Fcategories&post=2587"},{"taxonomy":"post_tag","embeddable":true,"href":"https:\/\/miuracapital.com.pa\/index.php?rest_route=%2Fwp%2Fv2%2Ftags&post=2587"}],"curies":[{"name":"wp","href":"https:\/\/api.w.org\/{rel}","templated":true}]}}