{"id":2461,"date":"2018-05-11T00:00:00","date_gmt":"2018-05-11T00:00:00","guid":{"rendered":"http:\/\/100.26.121.9\/el-fmi-estima-que-latinoamerica-crecera-un-2-este-ano-y-un-28-en-2019\/"},"modified":"2018-05-11T00:00:00","modified_gmt":"2018-05-11T00:00:00","slug":"el-fmi-estima-que-latinoamerica-crecera-un-2-este-ano-y-un-28-en-2019","status":"publish","type":"post","link":"https:\/\/miuracapital.com.pa\/?p=2461","title":{"rendered":"El FMI estima que Latinoam\u00e9rica crecer\u00e1 un 2 % este a\u00f1o y un 2,8 % en 2019"},"content":{"rendered":"<p>UAm\u00e9rica Latina y el Caribe tendr\u00e1 un crecimiento econ\u00f3mico de 2 % este a\u00f1o y un repunte de 2,8 % en 2019, impulsado por una mayor inversi\u00f3n y consumo privados, seg\u00fan un informe del Fondo Monetario Internacional (FMI) presentado hoy en Lima.<\/p>\n<p>Latinoam\u00e9rica tendr\u00e1 una recuperaci\u00f3n de la inversi\u00f3n empresarial, tras el 1,3 % de alza del PIB en 2017, aunque se mantendr\u00e1 \u201cpor debajo de lo niveles observados en otras regiones, lo cual, limita el potencial de crecimiento de la regi\u00f3n\u201d, concluye el informe \u201cPerspectivas Econ\u00f3micas Regionales para Am\u00e9rica Latina y el Caribe: Aprovechando el impulso\u201d.<\/p>\n<p>Fuente: EFE<\/p>\n<p>&#013;<br \/>\nSource: Economia<\/p>\n","protected":false},"excerpt":{"rendered":"<p>UAm\u00e9rica Latina y el Caribe tendr\u00e1 un crecimiento econ\u00f3mico de 2 % este a\u00f1o y un repunte de 2,8 % en 2019, impulsado por una mayor inversi\u00f3n y consumo privados, seg\u00fan un informe del Fondo Monetario Internacional (FMI) presentado hoy en Lima. Latinoam\u00e9rica tendr\u00e1 una recuperaci\u00f3n de la inversi\u00f3n empresarial, tras el 1,3 % de [&hellip;]<\/p>\n","protected":false},"author":1,"featured_media":0,"comment_status":"open","ping_status":"open","sticky":false,"template":"","format":"standard","meta":{"pgc_meta":"","_et_pb_use_builder":"","_et_pb_old_content":"","_et_gb_content_width":"","inline_featured_image":false,"footnotes":""},"categories":[1],"tags":[11],"class_list":["post-2461","post","type-post","status-publish","format-standard","hentry","category-uncategorized","tag-art"],"_links":{"self":[{"href":"https:\/\/miuracapital.com.pa\/index.php?rest_route=\/wp\/v2\/posts\/2461","targetHints":{"allow":["GET"]}}],"collection":[{"href":"https:\/\/miuracapital.com.pa\/index.php?rest_route=\/wp\/v2\/posts"}],"about":[{"href":"https:\/\/miuracapital.com.pa\/index.php?rest_route=\/wp\/v2\/types\/post"}],"author":[{"embeddable":true,"href":"https:\/\/miuracapital.com.pa\/index.php?rest_route=\/wp\/v2\/users\/1"}],"replies":[{"embeddable":true,"href":"https:\/\/miuracapital.com.pa\/index.php?rest_route=%2Fwp%2Fv2%2Fcomments&post=2461"}],"version-history":[{"count":0,"href":"https:\/\/miuracapital.com.pa\/index.php?rest_route=\/wp\/v2\/posts\/2461\/revisions"}],"wp:attachment":[{"href":"https:\/\/miuracapital.com.pa\/index.php?rest_route=%2Fwp%2Fv2%2Fmedia&parent=2461"}],"wp:term":[{"taxonomy":"category","embeddable":true,"href":"https:\/\/miuracapital.com.pa\/index.php?rest_route=%2Fwp%2Fv2%2Fcategories&post=2461"},{"taxonomy":"post_tag","embeddable":true,"href":"https:\/\/miuracapital.com.pa\/index.php?rest_route=%2Fwp%2Fv2%2Ftags&post=2461"}],"curies":[{"name":"wp","href":"https:\/\/api.w.org\/{rel}","templated":true}]}}