{"id":2371,"date":"2018-04-12T00:00:00","date_gmt":"2018-04-12T00:00:00","guid":{"rendered":"http:\/\/100.26.121.9\/omc-guerra-comercial-eeuu-china-seria-nefasta-para-el-mundo\/"},"modified":"2018-04-12T00:00:00","modified_gmt":"2018-04-12T00:00:00","slug":"omc-guerra-comercial-eeuu-china-seria-nefasta-para-el-mundo","status":"publish","type":"post","link":"https:\/\/miuracapital.com.pa\/?p=2371","title":{"rendered":"OMC: Guerra comercial EEUU-China ser\u00eda nefasta para el mundo"},"content":{"rendered":"<p>La guerra comercial entre Estados Unidos y China ha comenzado al menos en el plano pol\u00edtico, alimentando una incertidumbre que podr\u00eda tener efectos nefastos en la econom\u00eda y el comercio mundiales, y que hace que cualquier pron\u00f3stico sobre su evoluci\u00f3n sea muy incierto, dijo hoy la OMC.<\/p>\n<p>\u201cPol\u00edticamente debemos estar viendo su inicio (de la guerra comercial) y eso es exactamente lo que he pedido a los miembros (de la OMC) que intenten evitar\u201d, tuvo que reconocer el director general de la Organizaci\u00f3n Mundial del Comercio (OMC), el brasile\u00f1o Roberto Azev\u00eado en rueda de prensa.<\/p>\n<p>Enfatiz\u00f3 que \u201ct\u00e9cnicamente\u201d esa situaci\u00f3n todav\u00eda no es una realidad, puesto que ciertas medidas restrictivas anunciadas por Estados Unidos -y que afectan en particular a China- todav\u00eda no han empezado a aplicarse.<\/p>\n<p>Azev\u00eado efectu\u00f3 estos comentarios en la presentaci\u00f3n a la prensa del informe anual de la OMC sobre las perspectivas comerciales mundiales, que pronostica un 4,4 % de crecimiento del comercio mundial para este a\u00f1o, tres d\u00e9cimas menos que en 2017.<\/p>\n<p>Esa evoluci\u00f3n se moderar\u00e1 relativamente en 2019 para situarse en torno al 4 %, por debajo de la media de 4,8 % registrado desde los a\u00f1os noventa, pero claramente por encima de la media del 3 % del periodo posterior a la crisis financiera y econ\u00f3mica que se declar\u00f3 en 2008.<\/p>\n<p>El comercio internacional de mercanc\u00edas toc\u00f3 fondo en 2016, a\u00f1o en que su crecimiento apenas alcanz\u00f3 el 1,8 %, pero desde entonces la recuperaci\u00f3n ha sido sostenida.<\/p>\n<p>Sin embargo, el informe de la OMC reconoce que todos los pron\u00f3sticos son \u201csumamente inciertos\u201d en vista de que la incertidumbre ha ganado terreno, no s\u00f3lo por la guerra comercial en ciernes, sino tambi\u00e9n porque las tensiones geopol\u00edticas se han disparado.<\/p>\n<p>\u201cA nosotros, como organizaci\u00f3n, nos preocupa el resultado final de esta situaci\u00f3n. Si vemos un aumento de las tensiones y amenazas aqu\u00ed y all\u00ed, es probable que la volatilidad de los mercados se acent\u00fae\u201d, sostuvo Azev\u00eado.<\/p>\n<p>La imposibilidad de hacer predicciones serias -agreg\u00f3- desalentar\u00e1 las inversiones, lo que a su vez tendr\u00e1 un impacto negativo en el crecimiento econ\u00f3mico y la creaci\u00f3n de empleo.<\/p>\n<p>La incipiente guerra comercial fue lanzada por EEUU con su anunci\u00f3 de una subida de los aranceles al aluminio y el acero, en un 10 % y 25 %, respectivamente, al que sigui\u00f3 una medida similar que afectar\u00e1 a 1.300 productos de China que incluyen tecnolog\u00eda punta.<\/p>\n<p>Ante ello China respondi\u00f3 con una serie de contramedidas a EEUU.<\/p>\n<p>El Gobierno de Pek\u00edn ha solicitado adem\u00e1s en la OMC sendas consultas a EEUU sobre ambas medidas, el primer paso de lo que se prev\u00e9 ser\u00e1 una larga batalla jur\u00eddica que tendr\u00e1 que ser resuelta por separado por grupos de arbitraje de la organizaci\u00f3n, a menos que Washington rectifique.<\/p>\n<p>La OMS teme ahora que la situaci\u00f3n creada tenga tales repercusiones que \u201canule\u201d los progresos en materia de crecimiento en todas las regiones del mundo.<\/p>\n<p>\u201cLo \u00faltimo que necesita la econom\u00eda mundial es un ciclo de represalias. La mejor manera de abordar los acuciantes problemas comerciales que enfrentan los miembros de la OMC es mediante una acci\u00f3n colectiva\u201d, sostuvo Azev\u00eado.<\/p>\n<p>Tras m\u00e1s de un a\u00f1o sin embajador, la Misi\u00f3n de EEUU ante la OMC en Ginebra ha vuelto a tener recientemente uno con la llegada de Dennis Shea, quien fue vicepresidente de una comisi\u00f3n del Congreso dedicada evaluar cada a\u00f1o las relaciones econ\u00f3micas, comerciales y de seguridad con China.<\/p>\n<p>Azev\u00eado dijo hoy que tuvo una primera reuni\u00f3n con Shea y que lo que le dijo se ajusta a las posiciones expresadas por otros altos funcionarios de la Administraci\u00f3n estadounidense con los que se ha reunido antes.<\/p>\n<p>\u201cSeg\u00fan entiendo, su compromiso se mantiene\u201d con la OMC, declar\u00f3 el responsable de la organizaci\u00f3n.<\/p>\n<p>Preguntado sobre el rol de China en la organizaci\u00f3n, Azev\u00eado resalt\u00f3 el compromiso que este pa\u00eds ha mostrado desde su adhesi\u00f3n en 2001 a la OMC, y confes\u00f3 que espera que mantenga esa actitud y que Pek\u00edn discuta con el resto de miembros \u201clos asuntos que han sido planteados sobre sus pr\u00e1cticas y regulaciones\u201d.<\/p>\n<p>\u201cFelicito la disposici\u00f3n del Gobierno de China de sentarse a la mesa y de discutir estas cuestiones seriamente\u201d, declar\u00f3.<\/p>\n<p>Fuente: EFE<\/p>\n<p>&#013;<br \/>\nSource: Economia<\/p>\n","protected":false},"excerpt":{"rendered":"<p>La guerra comercial entre Estados Unidos y China ha comenzado al menos en el plano pol\u00edtico, alimentando una incertidumbre que podr\u00eda tener efectos nefastos en la econom\u00eda y el comercio mundiales, y que hace que cualquier pron\u00f3stico sobre su evoluci\u00f3n sea muy incierto, dijo hoy la OMC. \u201cPol\u00edticamente debemos estar viendo su inicio (de la [&hellip;]<\/p>\n","protected":false},"author":1,"featured_media":0,"comment_status":"open","ping_status":"open","sticky":false,"template":"","format":"standard","meta":{"pgc_meta":"","_et_pb_use_builder":"","_et_pb_old_content":"","_et_gb_content_width":"","inline_featured_image":false,"footnotes":""},"categories":[1],"tags":[11],"class_list":["post-2371","post","type-post","status-publish","format-standard","hentry","category-uncategorized","tag-art"],"_links":{"self":[{"href":"https:\/\/miuracapital.com.pa\/index.php?rest_route=\/wp\/v2\/posts\/2371","targetHints":{"allow":["GET"]}}],"collection":[{"href":"https:\/\/miuracapital.com.pa\/index.php?rest_route=\/wp\/v2\/posts"}],"about":[{"href":"https:\/\/miuracapital.com.pa\/index.php?rest_route=\/wp\/v2\/types\/post"}],"author":[{"embeddable":true,"href":"https:\/\/miuracapital.com.pa\/index.php?rest_route=\/wp\/v2\/users\/1"}],"replies":[{"embeddable":true,"href":"https:\/\/miuracapital.com.pa\/index.php?rest_route=%2Fwp%2Fv2%2Fcomments&post=2371"}],"version-history":[{"count":0,"href":"https:\/\/miuracapital.com.pa\/index.php?rest_route=\/wp\/v2\/posts\/2371\/revisions"}],"wp:attachment":[{"href":"https:\/\/miuracapital.com.pa\/index.php?rest_route=%2Fwp%2Fv2%2Fmedia&parent=2371"}],"wp:term":[{"taxonomy":"category","embeddable":true,"href":"https:\/\/miuracapital.com.pa\/index.php?rest_route=%2Fwp%2Fv2%2Fcategories&post=2371"},{"taxonomy":"post_tag","embeddable":true,"href":"https:\/\/miuracapital.com.pa\/index.php?rest_route=%2Fwp%2Fv2%2Ftags&post=2371"}],"curies":[{"name":"wp","href":"https:\/\/api.w.org\/{rel}","templated":true}]}}