{"id":2369,"date":"2018-04-11T00:00:00","date_gmt":"2018-04-11T00:00:00","guid":{"rendered":"http:\/\/100.26.121.9\/todas-las-autoridades-de-fed-ven-un-fortalecimiento-en-economia-inflacion-minutas\/"},"modified":"2018-04-11T00:00:00","modified_gmt":"2018-04-11T00:00:00","slug":"todas-las-autoridades-de-fed-ven-un-fortalecimiento-en-economia-inflacion-minutas","status":"publish","type":"post","link":"https:\/\/miuracapital.com.pa\/?p=2369","title":{"rendered":"Todas las autoridades de Fed ven un fortalecimiento en econom\u00eda, inflaci\u00f3n: minutas"},"content":{"rendered":"<p class=\"canvas-atom canvas-text Mb(1.0em) Mb(0)--sm Mt(0.8em)--sm\">Todos los funcionarios de pol\u00edtica monetaria de la Fed de Estados Unidos esperaban que la econom\u00eda se fortaleciera m\u00e1s y que la inflaci\u00f3n se acelerara en los pr\u00f3ximos meses, dijeron las minutas de la \u00faltima reuni\u00f3n del organismo del 20 al 21 de marzo que fueron publicadas el mi\u00e9rcoles.<\/p>\n<p class=\"canvas-atom canvas-text Mb(1.0em) Mb(0)--sm Mt(0.8em)--sm\">El informe sobre la reuni\u00f3n, en la que la Fed vot\u00f3 por unanimidad subir las tasas en un cuarto de punto porcentual, tambi\u00e9n mostr\u00f3 que los funcionarios estaban cautelosos sobre el impacto de las pol\u00edticas comerciales y fiscales del Gobierno del presidente Donald Trump.<\/p>\n<p class=\"canvas-atom canvas-text Mb(1.0em) Mb(0)--sm Mt(0.8em)--sm\">\u201cTodos los participantes acordaron que el panorama para la econom\u00eda m\u00e1s all\u00e1 del actual trimestre se hab\u00eda fortalecido en los meses recientes\u201d, dijo la Fed en las minutas.<\/p>\n<p class=\"canvas-atom canvas-text Mb(1.0em) Mb(0)--sm Mt(0.8em)--sm\">\u201cAdem\u00e1s, todos los participantes esperaban que la inflaci\u00f3n en una base a 12 meses se acelere en los pr\u00f3ximos meses\u201d, agreg\u00f3.<\/p>\n<p class=\"canvas-atom canvas-text Mb(1.0em) Mb(0)--sm Mt(0.8em)--sm\">La Fed tiene un rango para los fondos federales de 1,50 por ciento a 1,75 por ciento. El incremento de las tasas en marzo fue el sexto desde que el banco central comenz\u00f3 su ciclo de endurecimiento monetario en diciembre del 2015.<\/p>\n<p class=\"canvas-atom canvas-text Mb(1.0em) Mb(0)--sm Mt(0.8em)--sm\">A medida que la econom\u00eda se fortalece, la Fed ha aumentado el ritmo de las alzas. Ve otros dos incrementos este a\u00f1o, aunque pron\u00f3sticos trimestrales en la \u00faltima reuni\u00f3n mostraron que m\u00e1s funcionarios respaldaban tres aumentos m\u00e1s en 2018 que lo visto en diciembre.<\/p>\n<p class=\"canvas-atom canvas-text Mb(1.0em) Mb(0)--sm Mt(0.8em)--sm\">La medici\u00f3n favorita de la Fed sobre inflaci\u00f3n actualmente se ubica en un 1,6 por ciento y ha marchado por debajo del objetivo del 2 por ciento por seis a\u00f1os, pero varios indicadores han apuntado a un aumento de las presiones de precios.<\/p>\n<p class=\"canvas-atom canvas-text Mb(1.0em) Mb(0)--sm Mt(0.8em)--sm\">El presidente de la Fed, Jerome Powell, dijo el viernes que el banco central probablemente necesitar\u00eda subir las tasas para mantener a la inflaci\u00f3n bajo control, pero tambi\u00e9n se comprometi\u00f3 a mantenerse bajo un enfoque gradual.<\/p>\n<p class=\"canvas-atom canvas-text Mb(1.0em) Mb(0)--sm Mt(0.8em)--sm\">Sin embargo, las minutas mostraron que ya algunos funcionarios de la Fed est\u00e1n preocupados de que el organismo deba actuar m\u00e1s r\u00e1pido que lo esperado anteriormente.<\/p>\n<p class=\"canvas-atom canvas-text Mb(1.0em) Mb(0)--sm Mt(0.8em)--sm\">Una serie de ellos dijo que el panorama para la econom\u00eda y la inflaci\u00f3n podr\u00eda llevar a un alza del costo del dinero levemente m\u00e1s r\u00e1pido en los pr\u00f3ximos a\u00f1os.<\/p>\n<p class=\"canvas-atom canvas-text Mb(1.0em) Mb(0)--sm Mt(0.8em)--sm\">Algunos sugirieron que en cierto punto la Fed podr\u00eda tener que cambiar el lenguaje en su comunicado para reconocer que la pol\u00edtica monetaria tendr\u00eda que moverse a un nivel neutral o \u201cfactor de contenci\u00f3n\u201d para la actividad econ\u00f3mica.<\/p>\n<p class=\"canvas-atom canvas-text Mb(1.0em) Mb(0)--sm Mt(0.8em)--sm\">Un posible dolor de cabeza para la Fed siguen siendo las tensiones arancelarias entre el Gobierno de Trump y China y en el caso de llegar a una guerra comercial se podr\u00eda da\u00f1ar el crecimiento econ\u00f3mico estadounidense y aumentar los precios al consumidor.<\/p>\n<p>Fuente: Reuters<\/p>\n<p>&#013;<br \/>\nSource: Economia<\/p>\n","protected":false},"excerpt":{"rendered":"<p>Todos los funcionarios de pol\u00edtica monetaria de la Fed de Estados Unidos esperaban que la econom\u00eda se fortaleciera m\u00e1s y que la inflaci\u00f3n se acelerara en los pr\u00f3ximos meses, dijeron las minutas de la \u00faltima reuni\u00f3n del organismo del 20 al 21 de marzo que fueron publicadas el mi\u00e9rcoles. El informe sobre la reuni\u00f3n, en [&hellip;]<\/p>\n","protected":false},"author":1,"featured_media":0,"comment_status":"open","ping_status":"open","sticky":false,"template":"","format":"standard","meta":{"pgc_meta":"","_et_pb_use_builder":"","_et_pb_old_content":"","_et_gb_content_width":"","inline_featured_image":false,"footnotes":""},"categories":[1],"tags":[11],"class_list":["post-2369","post","type-post","status-publish","format-standard","hentry","category-uncategorized","tag-art"],"_links":{"self":[{"href":"https:\/\/miuracapital.com.pa\/index.php?rest_route=\/wp\/v2\/posts\/2369","targetHints":{"allow":["GET"]}}],"collection":[{"href":"https:\/\/miuracapital.com.pa\/index.php?rest_route=\/wp\/v2\/posts"}],"about":[{"href":"https:\/\/miuracapital.com.pa\/index.php?rest_route=\/wp\/v2\/types\/post"}],"author":[{"embeddable":true,"href":"https:\/\/miuracapital.com.pa\/index.php?rest_route=\/wp\/v2\/users\/1"}],"replies":[{"embeddable":true,"href":"https:\/\/miuracapital.com.pa\/index.php?rest_route=%2Fwp%2Fv2%2Fcomments&post=2369"}],"version-history":[{"count":0,"href":"https:\/\/miuracapital.com.pa\/index.php?rest_route=\/wp\/v2\/posts\/2369\/revisions"}],"wp:attachment":[{"href":"https:\/\/miuracapital.com.pa\/index.php?rest_route=%2Fwp%2Fv2%2Fmedia&parent=2369"}],"wp:term":[{"taxonomy":"category","embeddable":true,"href":"https:\/\/miuracapital.com.pa\/index.php?rest_route=%2Fwp%2Fv2%2Fcategories&post=2369"},{"taxonomy":"post_tag","embeddable":true,"href":"https:\/\/miuracapital.com.pa\/index.php?rest_route=%2Fwp%2Fv2%2Ftags&post=2369"}],"curies":[{"name":"wp","href":"https:\/\/api.w.org\/{rel}","templated":true}]}}