{"id":2367,"date":"2018-04-11T00:00:00","date_gmt":"2018-04-11T00:00:00","guid":{"rendered":"http:\/\/100.26.121.9\/minutas-la-fed-planteo-acelerar-el-aumento-de-tasas\/"},"modified":"2018-04-11T00:00:00","modified_gmt":"2018-04-11T00:00:00","slug":"minutas-la-fed-planteo-acelerar-el-aumento-de-tasas","status":"publish","type":"post","link":"https:\/\/miuracapital.com.pa\/?p=2367","title":{"rendered":"Minutas: La Fed plante\u00f3 acelerar el aumento de tasas"},"content":{"rendered":"<p class=\"canvas-atom canvas-text Mb(1.0em) Mb(0)--sm Mt(0.8em)--sm\">Los miembros de la junta de la Reserva Federal indicaron el mes pasado que el buen estado de la econom\u00eda llevar\u00e1 la inflaci\u00f3n a cerca de su meta de 2%, y que por lo tanto podr\u00eda ser necesario acelerar el ritmo de los aumentos de las tasas de inter\u00e9s.<\/p>\n<p class=\"canvas-atom canvas-text Mb(1.0em) Mb(0)--sm Mt(0.8em)--sm\">Las minutas de la reuni\u00f3n del banco central estadounidense que se realiz\u00f3 entre el 20 y el 21 de marzo, y que fueron publicadas el mi\u00e9rcoles, revelan que varios participantes creen que la en\u00e9rgica actividad econ\u00f3mica, aunada a las presiones inflacionarias, implica que la trayectoria de la tasa de inter\u00e9s referencial en los pr\u00f3ximos a\u00f1os podr\u00eda ser \u201cligeramente m\u00e1s pronunciada\u201d que lo esperado.<\/p>\n<p class=\"canvas-atom canvas-text Mb(1.0em) Mb(0)--sm Mt(0.8em)--sm\">Los documentos mostraron que algunos funcionarios del banco central consideraron que eventualmente ser\u00eda apropiado revisar la declaraci\u00f3n de pol\u00edtica de la Reserva Federal y pasar de un nivel \u201cacomodaticio\u201d de tasas a uno que restrinja ligeramente la actividad econ\u00f3mica para mantener la inflaci\u00f3n bajo control.<\/p>\n<p class=\"canvas-atom canvas-text Mb(1.0em) Mb(0)--sm Mt(0.8em)--sm\">En la reuni\u00f3n de marzo, el banco central aument\u00f3 su tasa de inter\u00e9s referencial en un cuarto de punto, a un margen de entre 1,5% y 1,75%, que sigue siendo bajo. Mantuvo los t\u00e9rminos que ha estado usando desde que empez\u00f3 a elevar las tasas en diciembre del 2015, es decir, que prev\u00e9 ir aumentando las tasas gradualmente hasta alcanzar su meta de una inflaci\u00f3n anual de 2%.<\/p>\n<p class=\"canvas-atom canvas-text Mb(1.0em) Mb(0)--sm Mt(0.8em)--sm\">La inflaci\u00f3n, de acuerdo a la medici\u00f3n favorecida por la instituci\u00f3n monetaria, se ha mantenido por debajo del 2% los \u00faltimos seis a\u00f1os debido a diversos factores, desde la severidad de la Gran Recesi\u00f3n hasta una baja temporal de los precios del petr\u00f3leo y la alica\u00edda econom\u00eda global.<\/p>\n<p class=\"canvas-atom canvas-text Mb(1.0em) Mb(0)--sm Mt(0.8em)--sm\">Sin embargo, por lo menos algunos directivos de la Fed opinan que la inflaci\u00f3n finalmente se est\u00e1 despertando.<\/p>\n<p class=\"canvas-atom canvas-text Mb(1.0em) Mb(0)--sm Mt(0.8em)--sm\">\u201cVarios de los participantes indicaron que el favorable panorama de la actividad econ\u00f3mica, junto con su creencia de que la inflaci\u00f3n volver\u00e1 a su nivel de 2% a mediano plazo, implican que el rumbo apropiado para (la tasa de inter\u00e9s principal de la Fed) los pr\u00f3ximos a\u00f1os podr\u00eda ser ligeramente m\u00e1s pronunciado de lo que hab\u00edan previsto\u201d, dicen las minutas.<\/p>\n<p class=\"canvas-atom canvas-text Mb(1.0em) Mb(0)--sm Mt(0.8em)--sm\">La reuni\u00f3n de la Reserva Federal fue la primera con su nuevo presidente Jerome Powell.<\/p>\n<p>Fuente: AP<\/p>\n<p>&#013;<br \/>\nSource: Economia<\/p>\n","protected":false},"excerpt":{"rendered":"<p>Los miembros de la junta de la Reserva Federal indicaron el mes pasado que el buen estado de la econom\u00eda llevar\u00e1 la inflaci\u00f3n a cerca de su meta de 2%, y que por lo tanto podr\u00eda ser necesario acelerar el ritmo de los aumentos de las tasas de inter\u00e9s. Las minutas de la reuni\u00f3n del [&hellip;]<\/p>\n","protected":false},"author":1,"featured_media":0,"comment_status":"open","ping_status":"open","sticky":false,"template":"","format":"standard","meta":{"pgc_meta":"","_et_pb_use_builder":"","_et_pb_old_content":"","_et_gb_content_width":"","inline_featured_image":false,"footnotes":""},"categories":[1],"tags":[11],"class_list":["post-2367","post","type-post","status-publish","format-standard","hentry","category-uncategorized","tag-art"],"_links":{"self":[{"href":"https:\/\/miuracapital.com.pa\/index.php?rest_route=\/wp\/v2\/posts\/2367","targetHints":{"allow":["GET"]}}],"collection":[{"href":"https:\/\/miuracapital.com.pa\/index.php?rest_route=\/wp\/v2\/posts"}],"about":[{"href":"https:\/\/miuracapital.com.pa\/index.php?rest_route=\/wp\/v2\/types\/post"}],"author":[{"embeddable":true,"href":"https:\/\/miuracapital.com.pa\/index.php?rest_route=\/wp\/v2\/users\/1"}],"replies":[{"embeddable":true,"href":"https:\/\/miuracapital.com.pa\/index.php?rest_route=%2Fwp%2Fv2%2Fcomments&post=2367"}],"version-history":[{"count":0,"href":"https:\/\/miuracapital.com.pa\/index.php?rest_route=\/wp\/v2\/posts\/2367\/revisions"}],"wp:attachment":[{"href":"https:\/\/miuracapital.com.pa\/index.php?rest_route=%2Fwp%2Fv2%2Fmedia&parent=2367"}],"wp:term":[{"taxonomy":"category","embeddable":true,"href":"https:\/\/miuracapital.com.pa\/index.php?rest_route=%2Fwp%2Fv2%2Fcategories&post=2367"},{"taxonomy":"post_tag","embeddable":true,"href":"https:\/\/miuracapital.com.pa\/index.php?rest_route=%2Fwp%2Fv2%2Ftags&post=2367"}],"curies":[{"name":"wp","href":"https:\/\/api.w.org\/{rel}","templated":true}]}}