{"id":2366,"date":"2018-04-11T00:00:00","date_gmt":"2018-04-11T00:00:00","guid":{"rendered":"http:\/\/100.26.121.9\/la-cepal-mantiene-en-un-22-la-prevision-de-crecimiento-para-latinoamerica-en-2018\/"},"modified":"2018-04-11T00:00:00","modified_gmt":"2018-04-11T00:00:00","slug":"la-cepal-mantiene-en-un-22-la-prevision-de-crecimiento-para-latinoamerica-en-2018","status":"publish","type":"post","link":"https:\/\/miuracapital.com.pa\/?p=2366","title":{"rendered":"La Cepal mantiene en un 2,2 % la previsi\u00f3n de crecimiento para Latinoam\u00e9rica en 2018"},"content":{"rendered":"<p>La Cepal mantuvo hoy en un 2,2 % su previsi\u00f3n de crecimiento para las econom\u00edas de Am\u00e9rica Latina y el Caribe en 2018, y destac\u00f3 que existe un contexto internacional m\u00e1s favorable que en a\u00f1os anteriores pero persisten \u201cimportantes incertidumbres\u201d.<\/p>\n<p>La Comisi\u00f3n Econ\u00f3mica para Am\u00e9rica Latina y el Caribe (Cepal) explic\u00f3 en un comunicado que su proyecci\u00f3n no sufri\u00f3 cambios respecto del \u00faltimo informe, entregado en diciembre del a\u00f1o pasado.<\/p>\n<p>Fuente: EFE<\/p>\n<p>&#013;<br \/>\nSource: Economia<\/p>\n","protected":false},"excerpt":{"rendered":"<p>La Cepal mantuvo hoy en un 2,2 % su previsi\u00f3n de crecimiento para las econom\u00edas de Am\u00e9rica Latina y el Caribe en 2018, y destac\u00f3 que existe un contexto internacional m\u00e1s favorable que en a\u00f1os anteriores pero persisten \u201cimportantes incertidumbres\u201d. La Comisi\u00f3n Econ\u00f3mica para Am\u00e9rica Latina y el Caribe (Cepal) explic\u00f3 en un comunicado que [&hellip;]<\/p>\n","protected":false},"author":1,"featured_media":0,"comment_status":"open","ping_status":"open","sticky":false,"template":"","format":"standard","meta":{"pgc_meta":"","_et_pb_use_builder":"","_et_pb_old_content":"","_et_gb_content_width":"","inline_featured_image":false,"footnotes":""},"categories":[1],"tags":[11],"class_list":["post-2366","post","type-post","status-publish","format-standard","hentry","category-uncategorized","tag-art"],"_links":{"self":[{"href":"https:\/\/miuracapital.com.pa\/index.php?rest_route=\/wp\/v2\/posts\/2366","targetHints":{"allow":["GET"]}}],"collection":[{"href":"https:\/\/miuracapital.com.pa\/index.php?rest_route=\/wp\/v2\/posts"}],"about":[{"href":"https:\/\/miuracapital.com.pa\/index.php?rest_route=\/wp\/v2\/types\/post"}],"author":[{"embeddable":true,"href":"https:\/\/miuracapital.com.pa\/index.php?rest_route=\/wp\/v2\/users\/1"}],"replies":[{"embeddable":true,"href":"https:\/\/miuracapital.com.pa\/index.php?rest_route=%2Fwp%2Fv2%2Fcomments&post=2366"}],"version-history":[{"count":0,"href":"https:\/\/miuracapital.com.pa\/index.php?rest_route=\/wp\/v2\/posts\/2366\/revisions"}],"wp:attachment":[{"href":"https:\/\/miuracapital.com.pa\/index.php?rest_route=%2Fwp%2Fv2%2Fmedia&parent=2366"}],"wp:term":[{"taxonomy":"category","embeddable":true,"href":"https:\/\/miuracapital.com.pa\/index.php?rest_route=%2Fwp%2Fv2%2Fcategories&post=2366"},{"taxonomy":"post_tag","embeddable":true,"href":"https:\/\/miuracapital.com.pa\/index.php?rest_route=%2Fwp%2Fv2%2Ftags&post=2366"}],"curies":[{"name":"wp","href":"https:\/\/api.w.org\/{rel}","templated":true}]}}