{"id":2360,"date":"2018-04-10T00:00:00","date_gmt":"2018-04-10T00:00:00","guid":{"rendered":"http:\/\/100.26.121.9\/zuckerberg-asume-ante-el-senado-de-ee-uu-toda-la-culpa-por-la-filtracion\/"},"modified":"2018-04-10T00:00:00","modified_gmt":"2018-04-10T00:00:00","slug":"zuckerberg-asume-ante-el-senado-de-ee-uu-toda-la-culpa-por-la-filtracion","status":"publish","type":"post","link":"https:\/\/miuracapital.com.pa\/?p=2360","title":{"rendered":"Zuckerberg asume ante el Senado de EE.UU. toda la culpa por la filtraci\u00f3n"},"content":{"rendered":"<p>El presidente y fundador del gigante tecnol\u00f3gico Facebook, Mark Zuckerberg, asumi\u00f3 hoy toda la culpa ante el Senado de EE.UU. del abuso de la compa\u00f1\u00eda Cambridge Analytica, que utiliz\u00f3 los datos de millones de usuarios de la red social para la campa\u00f1a electoral del actual presidente estadounidense, Donald Trump.<\/p>\n<p>Zuckerberg, que asumi\u00f3 que no calibraron de manera \u201csuficientemente amplia\u201d su \u201cresponsabilidad\u201d, subray\u00f3 ante los Comit\u00e9s Judicial y de Comercio del Senado estadounidense que \u201ceso fue un gran error\u201d.<\/p>\n<p>Fuente: EFE<\/p>\n<p>&#013;<br \/>\nSource: Economia<\/p>\n","protected":false},"excerpt":{"rendered":"<p>El presidente y fundador del gigante tecnol\u00f3gico Facebook, Mark Zuckerberg, asumi\u00f3 hoy toda la culpa ante el Senado de EE.UU. del abuso de la compa\u00f1\u00eda Cambridge Analytica, que utiliz\u00f3 los datos de millones de usuarios de la red social para la campa\u00f1a electoral del actual presidente estadounidense, Donald Trump. Zuckerberg, que asumi\u00f3 que no calibraron [&hellip;]<\/p>\n","protected":false},"author":1,"featured_media":0,"comment_status":"open","ping_status":"open","sticky":false,"template":"","format":"standard","meta":{"pgc_meta":"","_et_pb_use_builder":"","_et_pb_old_content":"","_et_gb_content_width":"","inline_featured_image":false,"footnotes":""},"categories":[1],"tags":[11],"class_list":["post-2360","post","type-post","status-publish","format-standard","hentry","category-uncategorized","tag-art"],"_links":{"self":[{"href":"https:\/\/miuracapital.com.pa\/index.php?rest_route=\/wp\/v2\/posts\/2360","targetHints":{"allow":["GET"]}}],"collection":[{"href":"https:\/\/miuracapital.com.pa\/index.php?rest_route=\/wp\/v2\/posts"}],"about":[{"href":"https:\/\/miuracapital.com.pa\/index.php?rest_route=\/wp\/v2\/types\/post"}],"author":[{"embeddable":true,"href":"https:\/\/miuracapital.com.pa\/index.php?rest_route=\/wp\/v2\/users\/1"}],"replies":[{"embeddable":true,"href":"https:\/\/miuracapital.com.pa\/index.php?rest_route=%2Fwp%2Fv2%2Fcomments&post=2360"}],"version-history":[{"count":0,"href":"https:\/\/miuracapital.com.pa\/index.php?rest_route=\/wp\/v2\/posts\/2360\/revisions"}],"wp:attachment":[{"href":"https:\/\/miuracapital.com.pa\/index.php?rest_route=%2Fwp%2Fv2%2Fmedia&parent=2360"}],"wp:term":[{"taxonomy":"category","embeddable":true,"href":"https:\/\/miuracapital.com.pa\/index.php?rest_route=%2Fwp%2Fv2%2Fcategories&post=2360"},{"taxonomy":"post_tag","embeddable":true,"href":"https:\/\/miuracapital.com.pa\/index.php?rest_route=%2Fwp%2Fv2%2Ftags&post=2360"}],"curies":[{"name":"wp","href":"https:\/\/api.w.org\/{rel}","templated":true}]}}