{"id":2203,"date":"2018-02-15T00:00:00","date_gmt":"2018-02-15T00:00:00","guid":{"rendered":"http:\/\/100.26.121.9\/economia-de-colombia-crece-18-por-ciento-en-2017-su-menor-nivel-en-8-anos\/"},"modified":"2018-02-15T00:00:00","modified_gmt":"2018-02-15T00:00:00","slug":"economia-de-colombia-crece-18-por-ciento-en-2017-su-menor-nivel-en-8-anos","status":"publish","type":"post","link":"https:\/\/miuracapital.com.pa\/?p=2203","title":{"rendered":"Econom\u00eda de Colombia crece 1,8 por ciento en 2017, su menor nivel en 8 a\u00f1os"},"content":{"rendered":"<p class=\"canvas-atom canvas-text Mb(1.0em) Mb(0)--sm Mt(0.8em)--sm\">La econom\u00eda de Colombia se expandi\u00f3 un 1,8 por ciento en el 2017, su menor nivel en ocho a\u00f1os por una ca\u00edda de la miner\u00eda, la industria y la construcci\u00f3n, aunque el dato sali\u00f3 en l\u00ednea con lo esperado por el Gobierno.<\/p>\n<p class=\"canvas-atom canvas-text Mb(1.0em) Mb(0)--sm Mt(0.8em)--sm\">El crecimiento del Producto Interno Bruto (PIB) el a\u00f1o pasado se ubic\u00f3 por debajo del 2 % del 2016. No obstante, el dato estuvo por encima del pron\u00f3stico del mercado, que en un sondeo de Reuters esperaban un 1,6 %.<\/p>\n<p class=\"canvas-atom canvas-text Mb(1.0em) Mb(0)--sm Mt(0.8em)--sm\">\u201cCrecimiento del PIB 2017 de 1,8 % super\u00f3 expectativas de mercado (1,6 %). Esto es positivo, pero lo m\u00e1s importante es que todos los pron\u00f3sticos para este a\u00f1o son mejores\u201d, escribi\u00f3 el ministro de Hacienda, Mauricio C\u00e1rdenas, en su cuenta de Twitter.<\/p>\n<p class=\"canvas-atom canvas-text Mb(1.0em) Mb(0)--sm Mt(0.8em)--sm\">El Departamento Nacional de Estad\u00edsticas (DANE) inform\u00f3 que el desempe\u00f1o de la cuarta econom\u00eda de Am\u00e9rica Latina en el acumulado anual estuvo liderado por el sector agr\u00edcola, que creci\u00f3 un 4,9 % y por una expansi\u00f3n del 3,8 % del financiero. Servicios sociales registr\u00f3 un crecimiento del 3,4 %\u00a0 y el comercio se expandi\u00f3 un 1,2 %.<\/p>\n<p class=\"canvas-atom canvas-text Mb(1.0em) Mb(0)--sm Mt(0.8em)--sm\">En contraste, la miner\u00eda cay\u00f3 un 3,6 %, la industria un 1 % y la construcci\u00f3n un 0,7 %.<\/p>\n<p class=\"canvas-atom canvas-text Mb(1.0em) Mb(0)--sm Mt(0.8em)--sm\">En el cuarto trimestre del 2017 la econom\u00eda se expandi\u00f3 un 1,6 % respecto al mismo periodo del a\u00f1o previo, cuando hab\u00eda crecido un 1,8 %. Al comparar el comportamiento de la econom\u00eda colombiana entre octubre y diciembre frente al tercer trimestre creci\u00f3 un 0,3 por ciento.<\/p>\n<p class=\"canvas-atom canvas-text Mb(1.0em) Mb(0)--sm Mt(0.8em)--sm\">Adicionalmente, el DANE revis\u00f3 al alza sus proyecciones de los primeros tres trimestres del 2017.<\/p>\n<p class=\"canvas-atom canvas-text Mb(1.0em) Mb(0)--sm Mt(0.8em)--sm\">El d\u00e9bil comportamiento de la econom\u00eda fue una de las principales razones por las que el Banco Central redujo en un total de 325 puntos b\u00e1sicos su tasa de inter\u00e9s desde diciembre del 2016, llev\u00e1ndola al nivel m\u00e1s bajo desde agosto del 2015.<\/p>\n<p class=\"canvas-atom canvas-text Mb(1.0em) Mb(0)--sm Mt(0.8em)--sm\">El Gobierno estableci\u00f3 una meta de crecimiento econ\u00f3mico de 2,7 para este a\u00f1o.<\/p>\n<p>Fuente: Reuters<\/p>\n<p>&#013;<br \/>\nSource: Economia<\/p>\n","protected":false},"excerpt":{"rendered":"<p>La econom\u00eda de Colombia se expandi\u00f3 un 1,8 por ciento en el 2017, su menor nivel en ocho a\u00f1os por una ca\u00edda de la miner\u00eda, la industria y la construcci\u00f3n, aunque el dato sali\u00f3 en l\u00ednea con lo esperado por el Gobierno. El crecimiento del Producto Interno Bruto (PIB) el a\u00f1o pasado se ubic\u00f3 por [&hellip;]<\/p>\n","protected":false},"author":1,"featured_media":0,"comment_status":"open","ping_status":"open","sticky":false,"template":"","format":"standard","meta":{"pgc_meta":"","_et_pb_use_builder":"","_et_pb_old_content":"","_et_gb_content_width":"","inline_featured_image":false,"footnotes":""},"categories":[1],"tags":[11],"class_list":["post-2203","post","type-post","status-publish","format-standard","hentry","category-uncategorized","tag-art"],"_links":{"self":[{"href":"https:\/\/miuracapital.com.pa\/index.php?rest_route=\/wp\/v2\/posts\/2203","targetHints":{"allow":["GET"]}}],"collection":[{"href":"https:\/\/miuracapital.com.pa\/index.php?rest_route=\/wp\/v2\/posts"}],"about":[{"href":"https:\/\/miuracapital.com.pa\/index.php?rest_route=\/wp\/v2\/types\/post"}],"author":[{"embeddable":true,"href":"https:\/\/miuracapital.com.pa\/index.php?rest_route=\/wp\/v2\/users\/1"}],"replies":[{"embeddable":true,"href":"https:\/\/miuracapital.com.pa\/index.php?rest_route=%2Fwp%2Fv2%2Fcomments&post=2203"}],"version-history":[{"count":0,"href":"https:\/\/miuracapital.com.pa\/index.php?rest_route=\/wp\/v2\/posts\/2203\/revisions"}],"wp:attachment":[{"href":"https:\/\/miuracapital.com.pa\/index.php?rest_route=%2Fwp%2Fv2%2Fmedia&parent=2203"}],"wp:term":[{"taxonomy":"category","embeddable":true,"href":"https:\/\/miuracapital.com.pa\/index.php?rest_route=%2Fwp%2Fv2%2Fcategories&post=2203"},{"taxonomy":"post_tag","embeddable":true,"href":"https:\/\/miuracapital.com.pa\/index.php?rest_route=%2Fwp%2Fv2%2Ftags&post=2203"}],"curies":[{"name":"wp","href":"https:\/\/api.w.org\/{rel}","templated":true}]}}