{"id":1549,"date":"2017-06-14T00:00:00","date_gmt":"2017-06-14T00:00:00","guid":{"rendered":"http:\/\/100.26.121.9\/fed-sube-las-tasas-un-cuarto-de-punto-hasta-un-rango-entre-el-1-y-el-125\/"},"modified":"2017-06-14T00:00:00","modified_gmt":"2017-06-14T00:00:00","slug":"fed-sube-las-tasas-un-cuarto-de-punto-hasta-un-rango-entre-el-1-y-el-125","status":"publish","type":"post","link":"https:\/\/miuracapital.com.pa\/?p=1549","title":{"rendered":"Fed sube las tasas un cuarto de punto hasta un rango entre el 1 y el 1,25%"},"content":{"rendered":"<p>La Reserva Federal subi\u00f3 las tasas de inter\u00e9s el mi\u00e9rcoles por segunda vez en tres meses, citando el continuo crecimiento econ\u00f3mico de Estados Unidos y la fortaleza del mercado laboral, y anunci\u00f3 adem\u00e1s que comenzar\u00e1 a reducir sus tenencias de bonos y otros activos este a\u00f1o.<\/p>\n<p>La decisi\u00f3n aument\u00f3 la tasa referencial del banco central estadounidense en un cuarto de punto porcentual a un rango objetivo de 1 por ciento a 1,25 por ciento, a medida que avanza con su primer ciclo de endurecimi6ento monetario en m\u00e1s de una d\u00e9cada.<\/p>\n<p>En su comunicado tras una reuni\u00f3n de pol\u00edtica monetaria de dos d\u00edas, el panel de la Fed que fija la tasa de inter\u00e9s indic\u00f3 que la econom\u00eda se ha estado expandiendo moderadamente, que el mercado laboral sigui\u00f3 fortaleci\u00e9ndose y que una reciente debilidad en la inflaci\u00f3n era vista como transitoria.<\/p>\n<p>\u201cEl comit\u00e9 actualmente espera comenzar a implementar un programa de normalizaci\u00f3n de la hoja de balance este a\u00f1o, siempre que la econom\u00eda evolucione en l\u00edneas generales como se ha anticipado\u201d, dijo la Fed en su comunicado.<\/p>\n<p>La presidenta del organismo, Janet Yellen, realizar\u00e1 una conferencia de prensa a las 1830 GMT.<\/p>\n<p>Fuente: Reuters<\/p>\n<p>&#013;<br \/>\nSource: Economia<\/p>\n","protected":false},"excerpt":{"rendered":"<p>La Reserva Federal subi\u00f3 las tasas de inter\u00e9s el mi\u00e9rcoles por segunda vez en tres meses, citando el continuo crecimiento econ\u00f3mico de Estados Unidos y la fortaleza del mercado laboral, y anunci\u00f3 adem\u00e1s que comenzar\u00e1 a reducir sus tenencias de bonos y otros activos este a\u00f1o. La decisi\u00f3n aument\u00f3 la tasa referencial del banco central [&hellip;]<\/p>\n","protected":false},"author":1,"featured_media":0,"comment_status":"open","ping_status":"open","sticky":false,"template":"","format":"standard","meta":{"pgc_meta":"","_et_pb_use_builder":"","_et_pb_old_content":"","_et_gb_content_width":"","inline_featured_image":false,"footnotes":""},"categories":[1],"tags":[11],"class_list":["post-1549","post","type-post","status-publish","format-standard","hentry","category-uncategorized","tag-art"],"_links":{"self":[{"href":"https:\/\/miuracapital.com.pa\/index.php?rest_route=\/wp\/v2\/posts\/1549","targetHints":{"allow":["GET"]}}],"collection":[{"href":"https:\/\/miuracapital.com.pa\/index.php?rest_route=\/wp\/v2\/posts"}],"about":[{"href":"https:\/\/miuracapital.com.pa\/index.php?rest_route=\/wp\/v2\/types\/post"}],"author":[{"embeddable":true,"href":"https:\/\/miuracapital.com.pa\/index.php?rest_route=\/wp\/v2\/users\/1"}],"replies":[{"embeddable":true,"href":"https:\/\/miuracapital.com.pa\/index.php?rest_route=%2Fwp%2Fv2%2Fcomments&post=1549"}],"version-history":[{"count":0,"href":"https:\/\/miuracapital.com.pa\/index.php?rest_route=\/wp\/v2\/posts\/1549\/revisions"}],"wp:attachment":[{"href":"https:\/\/miuracapital.com.pa\/index.php?rest_route=%2Fwp%2Fv2%2Fmedia&parent=1549"}],"wp:term":[{"taxonomy":"category","embeddable":true,"href":"https:\/\/miuracapital.com.pa\/index.php?rest_route=%2Fwp%2Fv2%2Fcategories&post=1549"},{"taxonomy":"post_tag","embeddable":true,"href":"https:\/\/miuracapital.com.pa\/index.php?rest_route=%2Fwp%2Fv2%2Ftags&post=1549"}],"curies":[{"name":"wp","href":"https:\/\/api.w.org\/{rel}","templated":true}]}}