{"id":1545,"date":"2017-06-13T00:00:00","date_gmt":"2017-06-13T00:00:00","guid":{"rendered":"http:\/\/100.26.121.9\/las-claves-de-la-reunion-de-la-fed-de-junio\/"},"modified":"2017-06-13T00:00:00","modified_gmt":"2017-06-13T00:00:00","slug":"las-claves-de-la-reunion-de-la-fed-de-junio","status":"publish","type":"post","link":"https:\/\/miuracapital.com.pa\/?p=1545","title":{"rendered":"Las claves de la reuni\u00f3n de la Fed de junio"},"content":{"rendered":"<p class=\"canvas-atom canvas-text Mb(1.0em) Mb(0)--sm Mt(0.8em)--sm\">Por Cristina Campabadal<\/p>\n<p class=\"canvas-atom canvas-text Mb(1.0em) Mb(0)--sm Mt(0.8em)--sm\" style=\"margin: 0px 0px 1em;color: #26282a;font-family: 'Helvetica Neue', Helvetica, Arial, sans-serif;font-size: 15px;font-style: normal;font-weight: normal;letter-spacing: normal;text-align: start;text-indent: 0px;background-color: #ffffff\">Los mercados internacionales, inversores y economistas de todo el mundo est\u00e1n pendientes de<a href=\"https:\/\/es-us.finanzas.yahoo.com\/calendario\/economic?from=2017-06-11&amp;to=2017-06-17&amp;day=2017-06-14\"> la reuni\u00f3n de dos d\u00edas de duraci\u00f3n de la Reserva Federal (Fed)<\/a>, que se inicia hoy martes y finalizar\u00e1 ma\u00f1ana mi\u00e9rcoles (<a href=\"https:\/\/www.federalreserve.gov\/monetarypolicy\/fomccalendars.htm\" target=\"_blank\" rel=\"nofollow noopener noreferrer\">mira aqu\u00ed el calendario del banco central estadounidense<\/a>).<\/p>\n<p class=\"canvas-atom canvas-text Mb(1.0em) Mb(0)--sm Mt(0.8em)--sm\">La presidenta de la instituci\u00f3n, Janet Yellen, notificar\u00e1 la decisi\u00f3n del comit\u00e9 sobre si finalmente subir\u00e1n o no los tipos de inter\u00e9s en una conferencia de prensa. Los mercados seguir\u00e1n muy atentos sus comentarios, ya que podr\u00edan facilitar informaci\u00f3n sobre la posibilidad de probables nuevas subidas de tipos en el mes de septiembre o diciembre.<\/p>\n<p class=\"canvas-atom canvas-text Mb(1.0em) Mb(0)--sm Mt(0.8em)--sm\" style=\"margin: 0px 0px 1em;color: #26282a;font-family: 'Helvetica Neue', Helvetica, Arial, sans-serif;font-size: 15px;font-style: normal;font-weight: normal;letter-spacing: normal;text-align: start;text-indent: 0px;background-color: #ffffff\">Para esta cita, se espera un aumento de un cuarto de punto de las tasas de inter\u00e9s,\u00a0despu\u00e9s de que el mes pasado las mantuviera estables <a href=\"http:\/\/www.global-rates.com\/interest-rates\/central-banks\/central-bank-america\/fed-interest-rate.aspx\" target=\"_blank\" rel=\"nofollow noopener noreferrer\">entre 0,75% y 1,00%<\/a> y los miembros del banco central dijeran que esperaban ver si futuras evidencias sustentar\u00edan un nuevo incremento.<\/p>\n<p class=\"canvas-atom canvas-text Mb(1.0em) Mb(0)--sm Mt(0.8em)--sm\" style=\"margin: 0px 0px 1em;color: #26282a;font-family: 'Helvetica Neue', Helvetica, Arial, sans-serif;font-size: 15px;font-style: normal;font-weight: normal;letter-spacing: normal;text-align: start;text-indent: 0px;background-color: #ffffff\"><strong>\u00bfQu\u00e9 opinan los funcionarios de la FED?<\/strong><\/p>\n<p class=\"canvas-atom canvas-text Mb(1.0em) Mb(0)--sm Mt(0.8em)--sm\" style=\"margin: 0px 0px 1em;color: #26282a;font-family: 'Helvetica Neue', Helvetica, Arial, sans-serif;font-size: 15px;font-style: normal;font-weight: normal;letter-spacing: normal;text-align: start;text-indent: 0px;background-color: #ffffff\">Los funcionarios de la Fed no se muestran preocupados por la fortaleza de la econom\u00eda del pa\u00eds y piensan que <a href=\"https:\/\/es.finance.yahoo.com\/noticias\/eeuu-revisa-en-leve-alza-su-crecimiento-del-171038551.html\">el d\u00e9bil crecimiento del primer trimestre<\/a> es un hecho temporal. Adem\u00e1s, conf\u00edan que la inflaci\u00f3n iniciar\u00e1 su ascenso de nuevo a corto plazo, llegando a alcanzar los objetivos del banco central americano.<\/p>\n<p class=\"canvas-atom canvas-text Mb(1.0em) Mb(0)--sm Mt(0.8em)--sm\" style=\"margin: 0px 0px 1em;color: #26282a;font-family: 'Helvetica Neue', Helvetica, Arial, sans-serif;font-size: 15px;font-style: normal;font-weight: normal;letter-spacing: normal;text-align: start;text-indent: 0px;background-color: #ffffff\">Desde este punto de vista y la tranquilidad mostrada por parte de los funcionarios de la Reserva Federal,<a href=\"http:\/\/www.marketwatch.com\/story\/heres-what-the-fed-will-signal-when-it-hikes-interest-rates-2017-06-12?siteid=yhoof2\" target=\"_blank\" rel=\"nofollow noopener noreferrer\"> todo parece indicar que subir\u00e1n las tasas de inter\u00e9s<\/a>.<\/p>\n<p class=\"canvas-atom canvas-text Mb(1.0em) Mb(0)--sm Mt(0.8em)--sm\" style=\"margin: 0px 0px 1em;color: #26282a;font-family: 'Helvetica Neue', Helvetica, Arial, sans-serif;font-size: 15px;font-style: normal;font-weight: normal;letter-spacing: normal;text-align: start;text-indent: 0px;background-color: #ffffff\"><strong>\u00bfQu\u00e9 opinan los economistas?<\/strong><\/p>\n<p class=\"canvas-atom canvas-text Mb(1.0em) Mb(0)--sm Mt(0.8em)--sm\" style=\"margin: 0px 0px 1em;color: #26282a;font-family: 'Helvetica Neue', Helvetica, Arial, sans-serif;font-size: 15px;font-style: normal;font-weight: normal;letter-spacing: normal;text-align: start;text-indent: 0px;background-color: #ffffff\">Los analistas apuestan por un alza. Son optimistas respecto a la salud econ\u00f3mica del pa\u00eds, especialmente teniendo en cuenta la buena evoluci\u00f3n del mercado laboral, que <a href=\"https:\/\/es-us.finanzas.yahoo.com\/noticias\/crecimiento-n%C3%B3minas-se-desacelera-en-eeuu-tasa-desempleo-124612946--finance.html\">en el mes de mayo cre\u00f3 138.000 empleos y la tasa de paro cay\u00f3 a un m\u00ednimo de 16 a\u00f1os del 4,3%.<\/a><\/p>\n<p class=\"canvas-atom canvas-text Mb(1.0em) Mb(0)--sm Mt(0.8em)--sm\">Los economistas creen que la Fed se\u00f1alar\u00e1 una nueva subida de tasas este a\u00f1o y tres aumentos en 2018, elevando los tipos al 2,1% para finales del pr\u00f3ximo a\u00f1o.<\/p>\n<p class=\"canvas-atom canvas-text Mb(1.0em) Mb(0)--sm Mt(0.8em)--sm\" style=\"margin: 0px 0px 1em;color: #26282a;font-family: 'Helvetica Neue', Helvetica, Arial, sans-serif;font-size: 15px;font-style: normal;font-weight: normal;letter-spacing: normal;text-align: start;text-indent: 0px;background-color: #ffffff\">Hay ciertos analistas que se muestran esc\u00e9pticos respecto a la subida de tipos porque consideran que no existe amenaza inflacionista para la econom\u00eda estadounidense. Y eso a pesar de que el <a href=\"https:\/\/es-us.finanzas.yahoo.com\/noticias\/%C3%ADndice-precios-consumo-eeuu-repunta-0-2-abril-131000275.html\">\u00edndice de precios al consumo aument\u00f3 un 0,2 % en abril<\/a>, tras una ca\u00edda del 0,3 % en el mes anterior, situando la tasa interanual en el 2,2%.<\/p>\n<p class=\"canvas-atom canvas-text Mb(1.0em) Mb(0)--sm Mt(0.8em)--sm\" style=\"margin: 0px 0px 1em;color: #26282a;font-family: 'Helvetica Neue', Helvetica, Arial, sans-serif;font-size: 15px;font-style: normal;font-weight: normal;letter-spacing: normal;text-align: start;text-indent: 0px;background-color: #ffffff\"><strong>\u00bfC\u00f3mo afectar\u00e1 una subida de tipos?<\/strong><\/p>\n<p class=\"canvas-atom canvas-text Mb(1.0em) Mb(0)--sm Mt(0.8em)--sm\">Si la Fed sube tipos al 1,25%, los intereses hipotecarios se encarecer\u00e1n en 38 puntos b\u00e1sicos,\u00a0seg\u00fan economistas del banco Wells Fargo.<\/p>\n<p class=\"canvas-atom canvas-text Mb(1.0em) Mb(0)--sm Mt(0.8em)--sm\">Otra de las consecuencias ser\u00eda el aumento de las comisiones bancarias y los prestamos a corto plazo como tarjetas de cr\u00e9dito y pr\u00e9stamos para la compra de autos, entre otros.<\/p>\n<p class=\"canvas-atom canvas-text Mb(1.0em) Mb(0)--sm Mt(0.8em)--sm\">La buena noticia es que se espera que el crecimiento econ\u00f3mico no se vea negativamente afectado, con lo que se prev\u00e9 una mejora de las oportunidades laborales, un aumento en la puntuaci\u00f3n crediticia de las familias, y un ligero incremento en los tipos de inter\u00e9s que ofrezcan los dep\u00f3sitos bancarios.<\/p>\n<p class=\"canvas-atom canvas-text Mb(1.0em) Mb(0)--sm Mt(0.8em)--sm\">Las acciones permanecer\u00e1n fuertes y no se esperan grandes ca\u00eddas en los mercados. Veremos.<\/p>\n<p class=\"canvas-atom canvas-text Mb(1.0em) Mb(0)--sm Mt(0.8em)--sm\">Fuente: YahooFinanzas.com<\/p>\n<p>&#013;<br \/>\nSource: Economia<\/p>\n","protected":false},"excerpt":{"rendered":"<p>Por Cristina Campabadal Los mercados internacionales, inversores y economistas de todo el mundo est\u00e1n pendientes de la reuni\u00f3n de dos d\u00edas de duraci\u00f3n de la Reserva Federal (Fed), que se inicia hoy martes y finalizar\u00e1 ma\u00f1ana mi\u00e9rcoles (mira aqu\u00ed el calendario del banco central estadounidense). La presidenta de la instituci\u00f3n, Janet Yellen, notificar\u00e1 la decisi\u00f3n [&hellip;]<\/p>\n","protected":false},"author":1,"featured_media":0,"comment_status":"open","ping_status":"open","sticky":false,"template":"","format":"standard","meta":{"pgc_meta":"","_et_pb_use_builder":"","_et_pb_old_content":"","_et_gb_content_width":"","inline_featured_image":false,"footnotes":""},"categories":[1],"tags":[11],"class_list":["post-1545","post","type-post","status-publish","format-standard","hentry","category-uncategorized","tag-art"],"_links":{"self":[{"href":"https:\/\/miuracapital.com.pa\/index.php?rest_route=\/wp\/v2\/posts\/1545","targetHints":{"allow":["GET"]}}],"collection":[{"href":"https:\/\/miuracapital.com.pa\/index.php?rest_route=\/wp\/v2\/posts"}],"about":[{"href":"https:\/\/miuracapital.com.pa\/index.php?rest_route=\/wp\/v2\/types\/post"}],"author":[{"embeddable":true,"href":"https:\/\/miuracapital.com.pa\/index.php?rest_route=\/wp\/v2\/users\/1"}],"replies":[{"embeddable":true,"href":"https:\/\/miuracapital.com.pa\/index.php?rest_route=%2Fwp%2Fv2%2Fcomments&post=1545"}],"version-history":[{"count":0,"href":"https:\/\/miuracapital.com.pa\/index.php?rest_route=\/wp\/v2\/posts\/1545\/revisions"}],"wp:attachment":[{"href":"https:\/\/miuracapital.com.pa\/index.php?rest_route=%2Fwp%2Fv2%2Fmedia&parent=1545"}],"wp:term":[{"taxonomy":"category","embeddable":true,"href":"https:\/\/miuracapital.com.pa\/index.php?rest_route=%2Fwp%2Fv2%2Fcategories&post=1545"},{"taxonomy":"post_tag","embeddable":true,"href":"https:\/\/miuracapital.com.pa\/index.php?rest_route=%2Fwp%2Fv2%2Ftags&post=1545"}],"curies":[{"name":"wp","href":"https:\/\/api.w.org\/{rel}","templated":true}]}}