{"id":1544,"date":"2017-06-13T00:00:00","date_gmt":"2017-06-13T00:00:00","guid":{"rendered":"http:\/\/100.26.121.9\/facebook-apuesta-por-los-desarrolladores-de-latinoamerica\/"},"modified":"2017-06-13T00:00:00","modified_gmt":"2017-06-13T00:00:00","slug":"facebook-apuesta-por-los-desarrolladores-de-latinoamerica","status":"publish","type":"post","link":"https:\/\/miuracapital.com.pa\/?p=1544","title":{"rendered":"Facebook apuesta por los desarrolladores de Latinoam\u00e9rica"},"content":{"rendered":"<p>Facebook observa una gran innovaci\u00f3n en Latinoam\u00e9rica y por eso invierte en los desarrolladores locales que trabajan en la creaci\u00f3n de comunidades innovadoras, se\u00f1al\u00f3 este martes a EFE una ejecutiva en el campo de alianzas de la red social.<\/p>\n<p>Para la compa\u00f1\u00eda de Mark Zuckerberg, Latinoam\u00e9rica es de las regiones que m\u00e1s r\u00e1pido adopta sus productos y por eso busca crear las mejores herramientas que ayuden a sacar adelante las iniciativas de los emprendedores locales, dijo la directora de la Plataforma de Alianzas de Facebook Latinoam\u00e9rica, Francesca de Quesada Covey.<\/p>\n<p>\u201cPara nosotros, Latinoam\u00e9rica es importante, hemos encontrado mucha innovaci\u00f3n local y adem\u00e1s hay cercan\u00eda con Estados Unidos, lo que permite compartir ideas r\u00e1pidamente\u201d, se\u00f1al\u00f3 la ejecutiva, una de las ponentes del foro tecnol\u00f3gico eMerge Am\u00e9ricas que hoy celebra en Miami Beach su segunda y \u00faltima fecha.<br \/>\nDe Quesada habl\u00f3 de \u201ccocreaci\u00f3n\u201d, de un sistema de retroalimentaci\u00f3n, en donde la red social m\u00e1s grande del planeta busca saber lo que las diferentes comunidades quieren y necesitan para que Facebook luego sea utilizado de la mejor manera por los desarrolladores de la regi\u00f3n.<\/p>\n<p>La compa\u00f1\u00eda ha redoblado esfuerzos en esa l\u00ednea con la puesta en marcha de Developers Circle, comunidades en l\u00ednea y \u201coffline\u201d de intercambio de informaci\u00f3n e ideas entre desarrolladores, de las que la primera en Am\u00e9rica Latina fue implantada en M\u00e9xico, con buenos resultados.<\/p>\n<p>La ejecutiva observa que en la regi\u00f3n no solo hay talentos sino tambi\u00e9n recursos, un crecimiento de inversi\u00f3n, pero al mismo tiempo \u201cmuchas personas que a\u00fan no est\u00e1n conectadas a internet\u201d, sea por falta de infraestructura o escaso acercamiento a las herramientas digitales.<\/p>\n<p>\u201cTenemos que hacer que las personas aprendan lo que es internet y c\u00f3mo conectarse\u201d, destac\u00f3.<br \/>\nEn la conferencia tecnol\u00f3gica, que se desarrolla en el Centro de Convenciones de Miami Beach, De Quesada ofreci\u00f3 una ponencia en la que puso de relieve c\u00f3mo el enfoque de \u201ccomunidad\u201d ser\u00e1 el preponderante en la visi\u00f3n de la red social en los pr\u00f3ximos diez a\u00f1os.<\/p>\n<p>\u201cEs aprender y retroalimentarnos para todos poder avanzar juntos\u201d, manifest\u00f3 la ejecutiva.<\/p>\n<p>Fuente: EFE<\/p>\n<p>&#013;<br \/>\nSource: Economia<\/p>\n","protected":false},"excerpt":{"rendered":"<p>Facebook observa una gran innovaci\u00f3n en Latinoam\u00e9rica y por eso invierte en los desarrolladores locales que trabajan en la creaci\u00f3n de comunidades innovadoras, se\u00f1al\u00f3 este martes a EFE una ejecutiva en el campo de alianzas de la red social. Para la compa\u00f1\u00eda de Mark Zuckerberg, Latinoam\u00e9rica es de las regiones que m\u00e1s r\u00e1pido adopta sus [&hellip;]<\/p>\n","protected":false},"author":1,"featured_media":0,"comment_status":"open","ping_status":"open","sticky":false,"template":"","format":"standard","meta":{"pgc_meta":"","_et_pb_use_builder":"","_et_pb_old_content":"","_et_gb_content_width":"","inline_featured_image":false,"footnotes":""},"categories":[1],"tags":[11],"class_list":["post-1544","post","type-post","status-publish","format-standard","hentry","category-uncategorized","tag-art"],"_links":{"self":[{"href":"https:\/\/miuracapital.com.pa\/index.php?rest_route=\/wp\/v2\/posts\/1544","targetHints":{"allow":["GET"]}}],"collection":[{"href":"https:\/\/miuracapital.com.pa\/index.php?rest_route=\/wp\/v2\/posts"}],"about":[{"href":"https:\/\/miuracapital.com.pa\/index.php?rest_route=\/wp\/v2\/types\/post"}],"author":[{"embeddable":true,"href":"https:\/\/miuracapital.com.pa\/index.php?rest_route=\/wp\/v2\/users\/1"}],"replies":[{"embeddable":true,"href":"https:\/\/miuracapital.com.pa\/index.php?rest_route=%2Fwp%2Fv2%2Fcomments&post=1544"}],"version-history":[{"count":0,"href":"https:\/\/miuracapital.com.pa\/index.php?rest_route=\/wp\/v2\/posts\/1544\/revisions"}],"wp:attachment":[{"href":"https:\/\/miuracapital.com.pa\/index.php?rest_route=%2Fwp%2Fv2%2Fmedia&parent=1544"}],"wp:term":[{"taxonomy":"category","embeddable":true,"href":"https:\/\/miuracapital.com.pa\/index.php?rest_route=%2Fwp%2Fv2%2Fcategories&post=1544"},{"taxonomy":"post_tag","embeddable":true,"href":"https:\/\/miuracapital.com.pa\/index.php?rest_route=%2Fwp%2Fv2%2Ftags&post=1544"}],"curies":[{"name":"wp","href":"https:\/\/api.w.org\/{rel}","templated":true}]}}