{"id":1535,"date":"2017-06-09T00:00:00","date_gmt":"2017-06-09T00:00:00","guid":{"rendered":"http:\/\/100.26.121.9\/merkel-pidio-a-latinoamerica-lograr-solucion-pacifica-en-venezuela\/"},"modified":"2017-06-09T00:00:00","modified_gmt":"2017-06-09T00:00:00","slug":"merkel-pidio-a-latinoamerica-lograr-solucion-pacifica-en-venezuela","status":"publish","type":"post","link":"https:\/\/miuracapital.com.pa\/?p=1535","title":{"rendered":"Merkel pidi\u00f3 a Latinoam\u00e9rica lograr soluci\u00f3n pac\u00edfica en Venezuela"},"content":{"rendered":"<p>La canciller alemana, Angela Merkel, llam\u00f3 este jueves a los pa\u00edses de Am\u00e9rica Latina a no dejar de hacer esfuerzos para alcanzar una \u201csoluci\u00f3n pac\u00edfica\u201d para la crisis que atraviesa Venezuela, durante una conferencia ante j\u00f3venes estudiantes y cient\u00edficos celebrada en Buenos Aires.<\/p>\n<p>\u201cMuchas personas est\u00e1n sufriendo por la desastrosa situaci\u00f3n de desabastecimiento en un pa\u00eds con muchos recursos\u201d, lament\u00f3 la canciller, especialmente por las \u201cdecenas\u201d de muertos registradas en las protestas en las calles.<\/p>\n<p>\u201cQuiero alentar a los pa\u00edses de esta regi\u00f3n a no ceder en sus esfuerzos para llegar a una soluci\u00f3n pac\u00edfica en Venezuela\u201d, inst\u00f3.<\/p>\n<p>En concreto, Merkel expres\u00f3 su confianza en el trabajo que se pueda realizar en marcos regionales como el Mercado Com\u00fan del Sur (Mercosur).<\/p>\n<p>Para la canciller, ya \u201chay ejemplos alentadores\u201d en la regi\u00f3n de \u201cc\u00f3mo los conflictos se pueden resolver a trav\u00e9s de procesos democr\u00e1ticos\u201d, como el conflicto en Colombia, pero Venezuela es justo el caso contrario, lo que ocurre \u201ccuando un Gobierno recorta la actuaci\u00f3n de la oposici\u00f3n\u201d.<\/p>\n<p>Esta es la primera visita oficial a Buenos Aires de Merkel, quien esta ma\u00f1ana se reuni\u00f3 con el presidente del pa\u00eds, Mauricio Macri.<\/p>\n<p>La capital argentina es la primera parada de una gira latinoamericana que tambi\u00e9n llevar\u00e1 a la canciller alemana a M\u00e9xico, otro de los pa\u00edses de la regi\u00f3n que integra el G20, y donde este viernes se entrevistar\u00e1 con su presidente, Enrique Pe\u00f1a Nieto.<\/p>\n<p>Fuente: EFE<\/p>\n<p>&#013;<br \/>\nSource: Economia<\/p>\n","protected":false},"excerpt":{"rendered":"<p>La canciller alemana, Angela Merkel, llam\u00f3 este jueves a los pa\u00edses de Am\u00e9rica Latina a no dejar de hacer esfuerzos para alcanzar una \u201csoluci\u00f3n pac\u00edfica\u201d para la crisis que atraviesa Venezuela, durante una conferencia ante j\u00f3venes estudiantes y cient\u00edficos celebrada en Buenos Aires. \u201cMuchas personas est\u00e1n sufriendo por la desastrosa situaci\u00f3n de desabastecimiento en un [&hellip;]<\/p>\n","protected":false},"author":1,"featured_media":0,"comment_status":"open","ping_status":"open","sticky":false,"template":"","format":"standard","meta":{"pgc_meta":"","_et_pb_use_builder":"","_et_pb_old_content":"","_et_gb_content_width":"","inline_featured_image":false,"footnotes":""},"categories":[1],"tags":[11],"class_list":["post-1535","post","type-post","status-publish","format-standard","hentry","category-uncategorized","tag-art"],"_links":{"self":[{"href":"https:\/\/miuracapital.com.pa\/index.php?rest_route=\/wp\/v2\/posts\/1535","targetHints":{"allow":["GET"]}}],"collection":[{"href":"https:\/\/miuracapital.com.pa\/index.php?rest_route=\/wp\/v2\/posts"}],"about":[{"href":"https:\/\/miuracapital.com.pa\/index.php?rest_route=\/wp\/v2\/types\/post"}],"author":[{"embeddable":true,"href":"https:\/\/miuracapital.com.pa\/index.php?rest_route=\/wp\/v2\/users\/1"}],"replies":[{"embeddable":true,"href":"https:\/\/miuracapital.com.pa\/index.php?rest_route=%2Fwp%2Fv2%2Fcomments&post=1535"}],"version-history":[{"count":0,"href":"https:\/\/miuracapital.com.pa\/index.php?rest_route=\/wp\/v2\/posts\/1535\/revisions"}],"wp:attachment":[{"href":"https:\/\/miuracapital.com.pa\/index.php?rest_route=%2Fwp%2Fv2%2Fmedia&parent=1535"}],"wp:term":[{"taxonomy":"category","embeddable":true,"href":"https:\/\/miuracapital.com.pa\/index.php?rest_route=%2Fwp%2Fv2%2Fcategories&post=1535"},{"taxonomy":"post_tag","embeddable":true,"href":"https:\/\/miuracapital.com.pa\/index.php?rest_route=%2Fwp%2Fv2%2Ftags&post=1535"}],"curies":[{"name":"wp","href":"https:\/\/api.w.org\/{rel}","templated":true}]}}