{"id":1106,"date":"2017-01-25T00:00:00","date_gmt":"2017-01-25T00:00:00","guid":{"rendered":"http:\/\/100.26.121.9\/america-latina-busca-responder-a-una-sola-voz-a-desafios-de-trump\/"},"modified":"2017-01-25T00:00:00","modified_gmt":"2017-01-25T00:00:00","slug":"america-latina-busca-responder-a-una-sola-voz-a-desafios-de-trump","status":"publish","type":"post","link":"https:\/\/miuracapital.com.pa\/?p=1106","title":{"rendered":"Am\u00e9rica Latina busca responder a una sola voz a desaf\u00edos de Trump"},"content":{"rendered":"<p>Los mandatarios de Am\u00e9rica Latina y el Caribe debaten este mi\u00e9rcoles en Rep\u00fablica Dominicana su primera respuesta conjunta a los desaf\u00edos del presidente de Estados Unidos, Donald Trump, materializados ya en el sensible tema comercial.<\/p>\n<p>La quinta Cumbre de la Comunidad de Estados Latinoamericanos y Caribe\u00f1os (Celac) aborda cuestiones hist\u00f3ricas como la pobreza, pero los vientos proteccionistas que soplan desde la Casa Blanca agitan la reuni\u00f3n en la localidad de B\u00e1varo, vecina de la tur\u00edstica Punta Cana.<\/p>\n<p>M\u00e1s a\u00fan, luego de que Trump ordenara retirar a Estados Unidos del Tratado de Asociaci\u00f3n Transpac\u00edfico (TPP), que buscaba crear el mayor bloque econ\u00f3mico del mundo y hab\u00eda sido firmado por Chile, M\u00e9xico y Per\u00fa, entre una docena de pa\u00edses.<\/p>\n<p>\u201cPreocupa que ante los anuncios de imposiciones unilaterales de aranceles (\u2026) comience a pasearse por todos los escenarios globales el fantasma del proteccionismo y las consecuentes guerras comerciales\u201d, dijo el presidente dominicano, Danilo Medina, al instalar la cumbre la noche del martes.<\/p>\n<p>Medina ejerce la presidencia rotatoria de la Celac, integrada por 33 pa\u00edses que representan un mercado de 620 millones de personas. En conjunto tienen firmados 164 acuerdos de libre comercio bilaterales y multilaterales.<\/p>\n<p>M\u00e9xico enfrenta por ahora los mayores retos, pues Trump tambi\u00e9n se propone renegociar el Tratado de Libre Comercio para Am\u00e9rica del Norte (TLCAN) y construir un muro fronterizo para impedir el ingreso de migrantes ilegales.<\/p>\n<p>En ese contexto uno de los m\u00e1s esperados, el presidente mexicano, Enrique Pe\u00f1a Nieto, cancel\u00f3 su participaci\u00f3n a \u00faltima hora.<\/p>\n<p>Solo llegaron a B\u00e1varo 10 presidentes. Los dem\u00e1s pa\u00edses est\u00e1n representados por sus cancilleres y jefes de delegaci\u00f3n.<\/p>\n<h2>Cuba, otra preocupaci\u00f3n<\/h2>\n<p>Medina advirti\u00f3 que \u201cel mundo entero perder\u00e1\u201d si Europa, China y Estados Unidos se trenzan en represalias arancelarias.<\/p>\n<p>Cr\u00edtico de la apertura comercial, el presidente boliviano, Evo Morales, fue m\u00e1s lejos al se\u00f1alar que el proteccionismo de Trump y la salida de Reino Unido de la Uni\u00f3n Europea \u201csepultaron el libre mercado\u201d.<\/p>\n<p>\u201cSeguramente la Celac tendr\u00e1 una posici\u00f3n com\u00fan (\u2026) en asuntos como migraci\u00f3n y comercio\u201d, anticip\u00f3 el canciller ecuatoriano, Guillaume Long.<\/p>\n<p>Con excepciones como Brasil y Chile, la mayor\u00eda de los pa\u00edses de la regi\u00f3n tienen a Estados Unidos como su principal cliente. Es el destino de 80% de las exportaciones mexicanas.<\/p>\n<p>Los mandatarios de la Celac firmar\u00e1n la \u201cDeclaraci\u00f3n de Punta Cana\u201d y una veintena de documentos que pedir\u00e1n el fin del bloqueo estadounidense a Cuba y de la ocupaci\u00f3n de Guant\u00e1namo.<\/p>\n<p>La isla, cuyo presidente Ra\u00fal Castro asiste a la cumbre, es otra de las preocupaciones en la Celac, pues Trump ha advertido que cancelar\u00e1 el acercamiento con el gobierno comunista -que puso fin a medio siglo de enemistad- si no acepta condiciones m\u00e1s exigentes sobre libertades civiles.<\/p>\n<p>El principal aliado de Cuba en la regi\u00f3n, el presidente venezolano Nicol\u00e1s Maduro, heredero de la ret\u00f3rica \u201cantiimperialista\u201d del fallecido Hugo Ch\u00e1vez, dio un comp\u00e1s de espera a Trump, al estimar que \u00e9ste es v\u00edctima de una \u201ccampa\u00f1a de odio\u201d.<\/p>\n<p>No obstante, Maduro -enfrentado a una grave crisis en su pa\u00eds- busca que la cumbre exija derogar un decreto de 2015 que considera a <strong class=\"highlight\">Venezuela<\/strong> como una \u201camenaza inusual y extraordinaria\u201d para la seguridad de Estados Unidos.<\/p>\n<h2>Mecanismo \u201cineficiente\u201d<\/h2>\n<p>Sin lamentarse por las posibles restricciones comerciales de Trump, el presidente ecuatoriano Rafael Correa dijo que Am\u00e9rica Latina se debe proteger de la \u201cpersecuci\u00f3n a los migrantes\u201d, un tema que plantear\u00e1 en la cita.<\/p>\n<p>La Celac surgi\u00f3 en 2011 con el impulso de Hugo Ch\u00e1vez y otros gobiernos de izquierda, que consideraban que deb\u00eda reemplazar a la Organizaci\u00f3n de Estados Americanos (OEA), de la que hacen parte adem\u00e1s Estados Unidos y Canad\u00e1.<\/p>\n<p>Pero internacionalistas como el colombiano Vicente Torrijos opinan que la Celac debe desaparecer porque es \u201cineficiente\u201d, \u201cdispersa los esfuerzos diplom\u00e1ticos\u201d y ha servido para \u201cenmascarar\u201d a gobiernos autoritarios.<\/p>\n<p>\u201cNo hay m\u00e1s que declaraciones, lo cual le ha restado credibilidad\u201d, declar\u00f3 Torrijos a la AFP, y a\u00f1adi\u00f3 que la regi\u00f3n debe \u201creconstruir\u201d el sistema interamericano para lograr que Estados Unidos asuma compromisos, en lugar de la confrontaci\u00f3n.<\/p>\n<p>Durante la fase preliminar de la cumbre, la secretaria de la Cepal, Alicia B\u00e1rcena, inform\u00f3 que la pobreza en la regi\u00f3n aument\u00f3 de 28,2% a 29,2% entre 2014 y 2015, afectando a 175 millones de personas.<\/p>\n<p>En tanto, la indigencia golpeaba a 75 millones de personas en 2015, cinco millones m\u00e1s que en 2014, a\u00f1adi\u00f3 B\u00e1rcena, quien llam\u00f3 a blindar la inversi\u00f3n social aun cuando la regi\u00f3n solo crecer\u00e1 1,3% en 2017, tras dos a\u00f1os de contracciones.<\/p>\n<p>Fuente: AFP<\/p>\n<p>&#013;<br \/>\nSource: Economia<\/p>\n","protected":false},"excerpt":{"rendered":"<p>Los mandatarios de Am\u00e9rica Latina y el Caribe debaten este mi\u00e9rcoles en Rep\u00fablica Dominicana su primera respuesta conjunta a los desaf\u00edos del presidente de Estados Unidos, Donald Trump, materializados ya en el sensible tema comercial. La quinta Cumbre de la Comunidad de Estados Latinoamericanos y Caribe\u00f1os (Celac) aborda cuestiones hist\u00f3ricas como la pobreza, pero los [&hellip;]<\/p>\n","protected":false},"author":1,"featured_media":0,"comment_status":"open","ping_status":"open","sticky":false,"template":"","format":"standard","meta":{"pgc_meta":"","_et_pb_use_builder":"","_et_pb_old_content":"","_et_gb_content_width":"","inline_featured_image":false,"footnotes":""},"categories":[1],"tags":[11],"class_list":["post-1106","post","type-post","status-publish","format-standard","hentry","category-uncategorized","tag-art"],"_links":{"self":[{"href":"https:\/\/miuracapital.com.pa\/index.php?rest_route=\/wp\/v2\/posts\/1106","targetHints":{"allow":["GET"]}}],"collection":[{"href":"https:\/\/miuracapital.com.pa\/index.php?rest_route=\/wp\/v2\/posts"}],"about":[{"href":"https:\/\/miuracapital.com.pa\/index.php?rest_route=\/wp\/v2\/types\/post"}],"author":[{"embeddable":true,"href":"https:\/\/miuracapital.com.pa\/index.php?rest_route=\/wp\/v2\/users\/1"}],"replies":[{"embeddable":true,"href":"https:\/\/miuracapital.com.pa\/index.php?rest_route=%2Fwp%2Fv2%2Fcomments&post=1106"}],"version-history":[{"count":0,"href":"https:\/\/miuracapital.com.pa\/index.php?rest_route=\/wp\/v2\/posts\/1106\/revisions"}],"wp:attachment":[{"href":"https:\/\/miuracapital.com.pa\/index.php?rest_route=%2Fwp%2Fv2%2Fmedia&parent=1106"}],"wp:term":[{"taxonomy":"category","embeddable":true,"href":"https:\/\/miuracapital.com.pa\/index.php?rest_route=%2Fwp%2Fv2%2Fcategories&post=1106"},{"taxonomy":"post_tag","embeddable":true,"href":"https:\/\/miuracapital.com.pa\/index.php?rest_route=%2Fwp%2Fv2%2Ftags&post=1106"}],"curies":[{"name":"wp","href":"https:\/\/api.w.org\/{rel}","templated":true}]}}