{"id":1099,"date":"2017-01-23T00:00:00","date_gmt":"2017-01-23T00:00:00","guid":{"rendered":"http:\/\/100.26.121.9\/economia-de-mexico-entra-en-terreno-dificil-y-recuperacion-de-brasil-se-demora-fmi\/"},"modified":"2017-01-23T00:00:00","modified_gmt":"2017-01-23T00:00:00","slug":"economia-de-mexico-entra-en-terreno-dificil-y-recuperacion-de-brasil-se-demora-fmi","status":"publish","type":"post","link":"https:\/\/miuracapital.com.pa\/?p=1099","title":{"rendered":"Econom\u00eda de M\u00e9xico entra en terreno dif\u00edcil y recuperaci\u00f3n de Brasil se demora: FMI"},"content":{"rendered":"<p>La econom\u00eda de M\u00e9xico entra en un terreno dif\u00edcil por los planes del gobierno del presidente estadounidense Donald Trump, mientras que la actividad productiva de Brasil apenas comenzar\u00e1 a estabilizarse tras la peor recesi\u00f3n de su historia, dijo el lunes el Fondo Monetario Internacional (FMI).<\/p>\n<p>En una actualizaci\u00f3n de las perspectivas econ\u00f3micas de Am\u00e9rica Latina, el director del Departamento del Hemisferio Occidental del FMI, Alejandro Werner, plante\u00f3 un panorama cauto en el que reiter\u00f3 con m\u00e1s detalles las proyecciones para la regi\u00f3n, M\u00e9xico y Brasil, que ya hab\u00eda adelantado la semana pasada [nL1N1F60D5].<\/p>\n<p>\u201cLas perspectivas (para M\u00e9xico) est\u00e1n empa\u00f1adas por la incertidumbre en torno a la pol\u00edtica comercial de Estados Unidos, la cual, sumada a las condiciones financieras m\u00e1s restrictivas, frenar\u00e1 la actividad econ\u00f3mica\u201d, indic\u00f3 el organismo.<\/p>\n<p>El presidente Trump firmar\u00e1 el lunes una orden para renegociar el Tratado de Libre Comercio de Am\u00e9rica del Norte (TLCAN) y retirar a Estados Unidos del Acuerdo Estrat\u00e9gico Transpac\u00edfico de Asociaci\u00f3n Econ\u00f3mica (TPP), dijo NBC citando a un funcionario de la Casa Blanca.[nL1N1FD0UT]<\/p>\n<p>La econom\u00eda mexicana, que ya ven\u00eda con un repunte flojo del impacto de la crisis global de 2008-2009, sufri\u00f3 un rev\u00e9s en 2016 cuando Trump irrumpi\u00f3 en las elecciones de Estados Unidos. El peso se depreci\u00f3 y presion\u00f3 a la inflaci\u00f3n, al tiempo que las inversiones se congelaron por las dudas sobre el panorama.<\/p>\n<p>Trump y su gobierno han ratificado los planes de construir un muro fronterizo y aplicar un impuesto a las importaciones mexicanas para garantizar la seguridad y el empleo de los estadounidenses, pero a\u00fan no se conocen detalles de las iniciativas, que podr\u00edan quedar m\u00e1s claras esta semana.<\/p>\n<p>En una conferencia para presentar el reporte del FMI, Werner dijo que \u201cen la medida que se vaya generando mayor informaci\u00f3n sobre las dimensiones (de lo que) se va a estar negociando, muy probablemente esta incertidumbre disminuya y el impacto sobre la actividad econ\u00f3mica en 2017 pudiese amortiguarse\u201d.<\/p>\n<p>El informe del Fondo dijo que para mantener la confianza del mercado y situar la deuda p\u00fablica en una trayectoria descendente, M\u00e9xico deber\u00eda perseverar en la consolidaci\u00f3n fiscal. Tambi\u00e9n se\u00f1al\u00f3 que el endurecimiento monetario del banco central ayudar\u00eda a contener las expectativas inflacionarias.<\/p>\n<p>DESEMPLEO ALTO EN BRASIL<\/p>\n<p>En Brasil, donde el gobierno del presidente Michel Temer promueve un plan de austeridad fiscal para recuperar la fe de los inversores ante graves denuncias de corrupci\u00f3n, el FMI habl\u00f3 de \u201cuna demora en la recuperaci\u00f3n econ\u00f3mica porque el gasto privado sigue siendo d\u00e9bil\u201d.<\/p>\n<p>Temer dijo este mes en una entrevista con Reuters que su prioridad ser\u00e1 la creaci\u00f3n de empleo a medida que la econom\u00eda se recupera, descartando especulaciones respecto de que un esc\u00e1ndalo de corrupci\u00f3n vaya a obstaculizar las reformas laborales y de pensiones [nL1N1F60Y1].<\/p>\n<p>Pero el Fondo dijo que \u201clos altos niveles de desempleo y de endeudamiento del sector privado continuar\u00e1n imponiendo un lastre a la demanda\u201d.<\/p>\n<p>De todos modos, Werner sostuvo que \u201cclaramente tenemos una visi\u00f3n s\u00f3lida y confianza de que las medidas que se han implementado en Brasil en los \u00faltimos doce meses van a llevar a que materialmente la econom\u00eda deje de contraerse\u201d.<\/p>\n<p>El tono del FMI para Argentina fue algo m\u00e1s optimista, por m\u00e1s que sus c\u00e1lculos de la evoluci\u00f3n del PIB para el a\u00f1o pasado y 2017 fueron revisados a la baja.<\/p>\n<p>\u201cLa continuidad del ajuste macroecon\u00f3mico y los avances en el fortalecimiento del marco institucional ayudar\u00e1n a apuntalar la confianza de los inversionistas en las metas fiscal y monetaria y a propiciar un repunte de la inversi\u00f3n privada\u201d, dijo, en un gui\u00f1o al gobierno del presidente Mauricio Macri.<\/p>\n<p>Werner sostuvo que Argentina \u201ctiene que seguir movi\u00e9ndose hacia un \u00e1mbito regulatorio en la parte microecon\u00f3mica mucho m\u00e1s moderno, menos intervencionista, de mayor apertura (\u2026) esto va a tener como resultado un impulso a la inversi\u00f3n\u201d.<\/p>\n<p>En cambio, el FMI dijo que Venezuela \u201ccontin\u00faa sumida en una profunda crisis econ\u00f3mica que avanza hacia la hiperinflaci\u00f3n\u201d por el d\u00e9ficit fiscal y las restricciones econ\u00f3micas. \u201cPara 2017 se proyecta una marcada contracci\u00f3n de la actividad econ\u00f3mica, y se prev\u00e9 que la inflaci\u00f3n contin\u00fae aceler\u00e1ndose\u201d, agreg\u00f3.<\/p>\n<p>En el caso de Colombia, el organismo con sede en Washington destac\u00f3 que el crecimiento se ver\u00e1 afianzado por el acuerdo de paz recientemente firmado y por una reforma tributaria que generar\u00e1 espacio para gastos en infraestructura y programas sociales.<\/p>\n<p>Respecto de Per\u00fa, el FMI dijo que \u201cla atenci\u00f3n deber\u00eda centrarse ahora en una consolidaci\u00f3n fiscal gradual\u201d. Sobre Chile, advirti\u00f3 de que las inciertas perspectivas regionales, las tasas de inter\u00e9s m\u00e1s altas en el exterior y \u201cla a\u00fan escasa confianza interna\u201d podr\u00edan poner trabas a una recuperaci\u00f3n.<\/p>\n<p>Fuente: Reuters<\/p>\n<p>&#013;<br \/>\nSource: Economia<\/p>\n","protected":false},"excerpt":{"rendered":"<p>La econom\u00eda de M\u00e9xico entra en un terreno dif\u00edcil por los planes del gobierno del presidente estadounidense Donald Trump, mientras que la actividad productiva de Brasil apenas comenzar\u00e1 a estabilizarse tras la peor recesi\u00f3n de su historia, dijo el lunes el Fondo Monetario Internacional (FMI). En una actualizaci\u00f3n de las perspectivas econ\u00f3micas de Am\u00e9rica Latina, [&hellip;]<\/p>\n","protected":false},"author":1,"featured_media":0,"comment_status":"open","ping_status":"open","sticky":false,"template":"","format":"standard","meta":{"pgc_meta":"","_et_pb_use_builder":"","_et_pb_old_content":"","_et_gb_content_width":"","inline_featured_image":false,"footnotes":""},"categories":[1],"tags":[11],"class_list":["post-1099","post","type-post","status-publish","format-standard","hentry","category-uncategorized","tag-art"],"_links":{"self":[{"href":"https:\/\/miuracapital.com.pa\/index.php?rest_route=\/wp\/v2\/posts\/1099","targetHints":{"allow":["GET"]}}],"collection":[{"href":"https:\/\/miuracapital.com.pa\/index.php?rest_route=\/wp\/v2\/posts"}],"about":[{"href":"https:\/\/miuracapital.com.pa\/index.php?rest_route=\/wp\/v2\/types\/post"}],"author":[{"embeddable":true,"href":"https:\/\/miuracapital.com.pa\/index.php?rest_route=\/wp\/v2\/users\/1"}],"replies":[{"embeddable":true,"href":"https:\/\/miuracapital.com.pa\/index.php?rest_route=%2Fwp%2Fv2%2Fcomments&post=1099"}],"version-history":[{"count":0,"href":"https:\/\/miuracapital.com.pa\/index.php?rest_route=\/wp\/v2\/posts\/1099\/revisions"}],"wp:attachment":[{"href":"https:\/\/miuracapital.com.pa\/index.php?rest_route=%2Fwp%2Fv2%2Fmedia&parent=1099"}],"wp:term":[{"taxonomy":"category","embeddable":true,"href":"https:\/\/miuracapital.com.pa\/index.php?rest_route=%2Fwp%2Fv2%2Fcategories&post=1099"},{"taxonomy":"post_tag","embeddable":true,"href":"https:\/\/miuracapital.com.pa\/index.php?rest_route=%2Fwp%2Fv2%2Ftags&post=1099"}],"curies":[{"name":"wp","href":"https:\/\/api.w.org\/{rel}","templated":true}]}}