{"id":1081,"date":"2017-01-17T00:00:00","date_gmt":"2017-01-17T00:00:00","guid":{"rendered":"http:\/\/100.26.121.9\/la-economia-mundial-crecera-un-27-este-ano-segun-expertos-de-la-onu\/"},"modified":"2017-01-17T00:00:00","modified_gmt":"2017-01-17T00:00:00","slug":"la-economia-mundial-crecera-un-27-este-ano-segun-expertos-de-la-onu","status":"publish","type":"post","link":"https:\/\/miuracapital.com.pa\/?p=1081","title":{"rendered":"La econom\u00eda mundial crecer\u00e1 un 2,7 % este a\u00f1o, seg\u00fan expertos de la ONU"},"content":{"rendered":"<p class=\"first\">La econom\u00eda mundial crecer\u00e1 un 2,7 % este a\u00f1o y un 2,9 % en 2018, aunque el resultado final depender\u00e1 mucho de la evoluci\u00f3n de los riesgos vinculados al rumbo de las pol\u00edticas monetarias y al entorno pol\u00edtico, marcado por el nuevo Gobierno estadounidense y la materializaci\u00f3n del \u201cbrexit\u201d.<\/p>\n<p>As\u00ed lo estiman los economistas de la ONU en su informe \u201cSituaci\u00f3n y perspectivas de la econom\u00eda mundial\u201d, publicado hoy y en el que se analizan los principales factores que determinar\u00e1n el comportamiento de la econom\u00eda de aqu\u00ed a fin de a\u00f1o.<\/p>\n<p>\u201cEl crecimiento moderado que se prev\u00e9 para el periodo 2017-2018 es m\u00e1s una indicaci\u00f3n de estabilizaci\u00f3n econ\u00f3mica que la se\u00f1al de una vuelta a un crecimiento fuerte y sostenido\u201d, explic\u00f3 el jefe de la Divisi\u00f3n de Pol\u00edticas Macroecon\u00f3micas y Pol\u00edticas de Desarrollo de la Conferencia de Naciones Unidas para el Comercio y el Desarrollo (UNCTAD, acr\u00f3nimo en ingl\u00e9s), Alfredo Calcagno.<\/p>\n<p>Los \u00faltimos datos han obligado a revisar a la baja la estimaci\u00f3n que se hab\u00eda hecho del crecimiento en 2016 hasta un 2,2 por ciento, a causa de unas cifras al respecto m\u00e1s bajas de las esperadas en Estados Unidos, Jap\u00f3n y muchos pa\u00edses exportadores de materia prima en \u00c1frica y en la regi\u00f3n de Am\u00e9rica Latina y el Caribe.<\/p>\n<p>Sin embargo, de cara a 2017 se cree que los pa\u00edses exportadores de materias primas experimentar\u00e1n cierta recuperaci\u00f3n, gracias a la estabilizaci\u00f3n de los precios de esta gama de productos y a la reducci\u00f3n de las presiones inflacionistas.<\/p>\n<p>De manera general, los motores m\u00e1s importante para la econom\u00eda ser\u00e1n los pa\u00edses en desarrollo y contar\u00e1n por el 60 por ciento del crecimiento del producto global bruto este a\u00f1o.<\/p>\n<p>En esta perspectiva, las regiones del sur y el este de Asia se mantendr\u00e1n como las m\u00e1s din\u00e1micas.<\/p>\n<p>En cambio, los vientos en contra que se elevan de la escasa inversi\u00f3n y de las incertidumbres pol\u00edticas y monetarias siguen desanimando la actividad comercial en todas partes del mundo, seg\u00fan el informe.<\/p>\n<p>Uno de los aspectos m\u00e1s negativos que se analizan en el documento tiene que ver con la marcada desaceleraci\u00f3n de las inversiones en muchas importantes econom\u00edas desarrolladas y en desarrollo, con interrupciones de proyectos de negocios relacionados con el petr\u00f3leo y en actividades extractivas (de recursos naturales).<\/p>\n<p>\u201cLa debilidad prolongada de la demanda ha reducido los incentivos para que las firmas inviertan, mientras que los riesgos econ\u00f3micos y pol\u00edticos han pesado igualmente en las decisiones de inversi\u00f3n\u201d, coment\u00f3 Calcagno.<\/p>\n<p>Uno de los mayores riesgos macroecon\u00f3micos que identific\u00f3 el experto fue la deuda p\u00fablica en la que numerosos Estados incurrieron para contener los efectos de la \u00faltima crisis econ\u00f3mica, aunque tambi\u00e9n el sector privado se endeud\u00f3 de manera importante animado por las pol\u00edticas de expansi\u00f3n monetaria que redujeron el coste del dinero.<\/p>\n<p>Mientras tanto, \u201clas consecuencias de la utilizaci\u00f3n de instrumentos de pol\u00edtica monetaria que no han sido probados, como las tasas de inter\u00e9s negativas en Jap\u00f3n y Europa, siguen sin estar claras\u201d, agrega el texto.<\/p>\n<p>El resultado que temen los especialistas de la ONU es que tales medidas que facilitan el acceso al cr\u00e9dito puedan conllevar un deterioro del balance de los bancos, el endurecimiento de las condiciones del cr\u00e9dito y un nuevo periodo de fragilidad y descapitalizaci\u00f3n para las entidades financieras.<\/p>\n<p>\u201cEl momento de las subidas de los tipos de inter\u00e9s en Estados Unidos es otra incertidumbre, al igual que los intereses diferenciales entre econom\u00edas desarrolladas, lo que aumenta el peligro de desencadenar un nuevo periodo de volatilidad financiera, de revertir los flujos de capital y de un ajuste abrupto de las tasas de inter\u00e9s\u201d, se\u00f1ala el documento.<\/p>\n<p>Entre los riesgos de car\u00e1cter pol\u00edtico destaca la fuerte incertidumbre con respecto a las pol\u00edticas comerciales, migratorias y medioambientales que adoptar\u00e1 la pr\u00f3xima Administraci\u00f3n de Estados Unidos, as\u00ed como la manera en que se concretar\u00e1 la salida del Reino Unido de la Uni\u00f3n Europea.<\/p>\n<p>\u201cTodos esos eventos tienen el potencial de afectar la esperada recuperaci\u00f3n de los negocios de inversiones, el crecimiento del comercio internacional y hasta de descarrilar un crecimiento econ\u00f3mico de por s\u00ed d\u00e9bil\u201d, concluyen los expertos.<\/p>\n<p>Fuente: EFE<\/p>\n<p>&#013;<br \/>\nSource: Economia<\/p>\n","protected":false},"excerpt":{"rendered":"<p>La econom\u00eda mundial crecer\u00e1 un 2,7 % este a\u00f1o y un 2,9 % en 2018, aunque el resultado final depender\u00e1 mucho de la evoluci\u00f3n de los riesgos vinculados al rumbo de las pol\u00edticas monetarias y al entorno pol\u00edtico, marcado por el nuevo Gobierno estadounidense y la materializaci\u00f3n del \u201cbrexit\u201d. As\u00ed lo estiman los economistas de [&hellip;]<\/p>\n","protected":false},"author":1,"featured_media":0,"comment_status":"open","ping_status":"open","sticky":false,"template":"","format":"standard","meta":{"pgc_meta":"","_et_pb_use_builder":"","_et_pb_old_content":"","_et_gb_content_width":"","inline_featured_image":false,"footnotes":""},"categories":[1],"tags":[11],"class_list":["post-1081","post","type-post","status-publish","format-standard","hentry","category-uncategorized","tag-art"],"_links":{"self":[{"href":"https:\/\/miuracapital.com.pa\/index.php?rest_route=\/wp\/v2\/posts\/1081","targetHints":{"allow":["GET"]}}],"collection":[{"href":"https:\/\/miuracapital.com.pa\/index.php?rest_route=\/wp\/v2\/posts"}],"about":[{"href":"https:\/\/miuracapital.com.pa\/index.php?rest_route=\/wp\/v2\/types\/post"}],"author":[{"embeddable":true,"href":"https:\/\/miuracapital.com.pa\/index.php?rest_route=\/wp\/v2\/users\/1"}],"replies":[{"embeddable":true,"href":"https:\/\/miuracapital.com.pa\/index.php?rest_route=%2Fwp%2Fv2%2Fcomments&post=1081"}],"version-history":[{"count":0,"href":"https:\/\/miuracapital.com.pa\/index.php?rest_route=\/wp\/v2\/posts\/1081\/revisions"}],"wp:attachment":[{"href":"https:\/\/miuracapital.com.pa\/index.php?rest_route=%2Fwp%2Fv2%2Fmedia&parent=1081"}],"wp:term":[{"taxonomy":"category","embeddable":true,"href":"https:\/\/miuracapital.com.pa\/index.php?rest_route=%2Fwp%2Fv2%2Fcategories&post=1081"},{"taxonomy":"post_tag","embeddable":true,"href":"https:\/\/miuracapital.com.pa\/index.php?rest_route=%2Fwp%2Fv2%2Ftags&post=1081"}],"curies":[{"name":"wp","href":"https:\/\/api.w.org\/{rel}","templated":true}]}}